{"id":38665,"date":"2025-05-26T09:27:37","date_gmt":"2025-05-26T12:27:37","guid":{"rendered":"https:\/\/radiostudiow.com.br\/site\/?p=38665"},"modified":"2025-05-26T10:23:43","modified_gmt":"2025-05-26T13:23:43","slug":"homem-morre-em-acidente-envolvendo-veiculo-em-irati","status":"publish","type":"post","link":"https:\/\/radiostudiow.com.br\/site\/2025\/05\/26\/homem-morre-em-acidente-envolvendo-veiculo-em-irati\/","title":{"rendered":"Homem morre em acidente envolvendo ve\u00edculo em Irati"},"content":{"rendered":"\n<figure class=\"wp-block-image size-full\"><img loading=\"lazy\" decoding=\"async\" width=\"300\" height=\"180\" src=\"https:\/\/radiostudiow.com.br\/site\/wp-content\/uploads\/2025\/05\/VANE.png\" alt=\"\" class=\"wp-image-38014\"\/><\/figure>\n\n\n\n<p class=\"has-text-align-center\"><\/p>\n\n\n\n<p>Uma sa\u00edda de pista seguida de capotamento envolvendo um ve\u00edculo com \u00f3bito na deste domingo, 25 de maio, na BR-153 km 341 em Irati. O ve\u00edculo onde o mesmo se encontrava as margens da rodovia. Foi realizado abordagem da v\u00edtima e confirmado \u00f3bito pela m\u00e9dica do SAMU.<\/p>\n\n\n\n<p>A v\u00edtima foi identificada como&nbsp;<strong>Mateus Machado Antunes<\/strong>, condutor de um ve\u00edculo&nbsp;<strong>Mitsubishi\/Lancer<\/strong>. Segundo relatos de motoristas que passaram pelo local, o impacto foi t\u00e3o violento que o corpo do jovem foi arremessado para fora do ve\u00edculo, permanecendo parcialmente sobre a pista.<\/p>\n\n\n\n<figure class=\"wp-block-image size-full\"><img loading=\"lazy\" decoding=\"async\" width=\"598\" height=\"204\" src=\"https:\/\/radiostudiow.com.br\/site\/wp-content\/uploads\/2025\/05\/BEAZY.jpg.png\" alt=\"\" class=\"wp-image-38197\" srcset=\"https:\/\/radiostudiow.com.br\/site\/wp-content\/uploads\/2025\/05\/BEAZY.jpg.png 598w, https:\/\/radiostudiow.com.br\/site\/wp-content\/uploads\/2025\/05\/BEAZY.jpg-300x102.png 300w\" sizes=\"auto, (max-width: 598px) 100vw, 598px\" \/><\/figure>\n\n\n\n<p>A sinaliza\u00e7\u00e3o do tr\u00e2nsito, acionamento de apoio da PRF e IML. No local deixado aos cuidados da PRF at\u00e9 a chegada da per\u00edcia e IML.<\/p>\n\n\n\n<p>Informa\u00e7\u00f5es 6\u00b0CIBM\/Imagens Rede Social<\/p>\n\n\n\n<figure class=\"wp-block-image size-large\"><img loading=\"lazy\" decoding=\"async\" width=\"1024\" height=\"865\" src=\"https:\/\/radiostudiow.com.br\/site\/wp-content\/uploads\/2025\/05\/8cbfc092-a32d-4e59-9390-da52a438a4cc.jpeg-1024x865.png\" alt=\"\" class=\"wp-image-38667\" srcset=\"https:\/\/radiostudiow.com.br\/site\/wp-content\/uploads\/2025\/05\/8cbfc092-a32d-4e59-9390-da52a438a4cc.jpeg-1024x865.png 1024w, https:\/\/radiostudiow.com.br\/site\/wp-content\/uploads\/2025\/05\/8cbfc092-a32d-4e59-9390-da52a438a4cc.jpeg-300x253.png 300w, https:\/\/radiostudiow.com.br\/site\/wp-content\/uploads\/2025\/05\/8cbfc092-a32d-4e59-9390-da52a438a4cc.jpeg-768x648.png 768w, https:\/\/radiostudiow.com.br\/site\/wp-content\/uploads\/2025\/05\/8cbfc092-a32d-4e59-9390-da52a438a4cc.jpeg-1536x1297.png 1536w, https:\/\/radiostudiow.com.br\/site\/wp-content\/uploads\/2025\/05\/8cbfc092-a32d-4e59-9390-da52a438a4cc.jpeg.png 1600w\" sizes=\"auto, (max-width: 1024px) 100vw, 1024px\" \/><\/figure>\n","protected":false},"excerpt":{"rendered":"<p>Uma sa\u00edda de pista seguida de capotamento envolvendo um ve\u00edculo com \u00f3bito na deste domingo, 25 de maio, na BR-153 km 341 em Irati. O ve\u00edculo onde o mesmo se encontrava as margens da rodovia. Foi realizado abordagem da v\u00edtima e confirmado \u00f3bito pela m\u00e9dica do SAMU. A v\u00edtima foi identificada como&nbsp;Mateus Machado Antunes, condutor [&hellip;]<\/p>\n","protected":false},"author":2,"featured_media":38666,"comment_status":"open","ping_status":"open","sticky":false,"template":"","format":"standard","meta":{"footnotes":""},"categories":[185],"tags":[172],"class_list":["post-38665","post","type-post","status-publish","format-standard","has-post-thumbnail","hentry","category-regional","tag-featured"],"amp_enabled":true,"_links":{"self":[{"href":"https:\/\/radiostudiow.com.br\/site\/wp-json\/wp\/v2\/posts\/38665","targetHints":{"allow":["GET"]}}],"collection":[{"href":"https:\/\/radiostudiow.com.br\/site\/wp-json\/wp\/v2\/posts"}],"about":[{"href":"https:\/\/radiostudiow.com.br\/site\/wp-json\/wp\/v2\/types\/post"}],"author":[{"embeddable":true,"href":"https:\/\/radiostudiow.com.br\/site\/wp-json\/wp\/v2\/users\/2"}],"replies":[{"embeddable":true,"href":"https:\/\/radiostudiow.com.br\/site\/wp-json\/wp\/v2\/comments?post=38665"}],"version-history":[{"count":3,"href":"https:\/\/radiostudiow.com.br\/site\/wp-json\/wp\/v2\/posts\/38665\/revisions"}],"predecessor-version":[{"id":38679,"href":"https:\/\/radiostudiow.com.br\/site\/wp-json\/wp\/v2\/posts\/38665\/revisions\/38679"}],"wp:featuredmedia":[{"embeddable":true,"href":"https:\/\/radiostudiow.com.br\/site\/wp-json\/wp\/v2\/media\/38666"}],"wp:attachment":[{"href":"https:\/\/radiostudiow.com.br\/site\/wp-json\/wp\/v2\/media?parent=38665"}],"wp:term":[{"taxonomy":"category","embeddable":true,"href":"https:\/\/radiostudiow.com.br\/site\/wp-json\/wp\/v2\/categories?post=38665"},{"taxonomy":"post_tag","embeddable":true,"href":"https:\/\/radiostudiow.com.br\/site\/wp-json\/wp\/v2\/tags?post=38665"}],"curies":[{"name":"wp","href":"https:\/\/api.w.org\/{rel}","templated":true}]}}