{"id":38671,"date":"2025-05-26T09:42:17","date_gmt":"2025-05-26T12:42:17","guid":{"rendered":"https:\/\/radiostudiow.com.br\/site\/?p=38671"},"modified":"2025-05-26T09:42:17","modified_gmt":"2025-05-26T12:42:17","slug":"infrator-e-autuado-em-mais-de-r-100-mil-por-danos-ambientais-em-sao-mateus-do-sul","status":"publish","type":"post","link":"https:\/\/radiostudiow.com.br\/site\/2025\/05\/26\/infrator-e-autuado-em-mais-de-r-100-mil-por-danos-ambientais-em-sao-mateus-do-sul\/","title":{"rendered":"INFRATOR \u00c9 AUTUADO EM MAIS DE R$ 100 MIL POR DANOS AMBIENTAIS EM S\u00c3O MATEUS DO SUL"},"content":{"rendered":"\n<figure class=\"wp-block-image size-full\"><img loading=\"lazy\" decoding=\"async\" width=\"598\" height=\"204\" src=\"https:\/\/radiostudiow.com.br\/site\/wp-content\/uploads\/2025\/01\/SITE-MEDIO7.png\" alt=\"\" class=\"wp-image-32801\" srcset=\"https:\/\/radiostudiow.com.br\/site\/wp-content\/uploads\/2025\/01\/SITE-MEDIO7.png 598w, https:\/\/radiostudiow.com.br\/site\/wp-content\/uploads\/2025\/01\/SITE-MEDIO7-300x102.png 300w\" sizes=\"auto, (max-width: 598px) 100vw, 598px\" \/><\/figure>\n\n\n\n<p>Gra\u00e7as a uma den\u00fancia recebida pelo telefone 181, as equipes da Pol\u00edcia Militar Ambiental realizaram uma fiscaliza\u00e7\u00e3o em uma propriedade rural na localidade de Faxinal dos Elias, em S\u00e3o Mateus do Sul. Durante a inspe\u00e7\u00e3o, foi constatada a supress\u00e3o de vegeta\u00e7\u00e3o nativa em uma \u00e1rea de 14,45 hectares.<\/p>\n\n\n\n<p>O dano ambiental afetou esp\u00e9cies amea\u00e7adas de extin\u00e7\u00e3o, como o pinheiro arauc\u00e1ria e a imbuia, al\u00e9m de uma \u00e1rea de preserva\u00e7\u00e3o permanente, que corresponde \u00e0 margem de uma nascente, fundamental para a manuten\u00e7\u00e3o do ecossistema local.<\/p>\n\n\n\n<figure class=\"wp-block-image size-full\"><img loading=\"lazy\" decoding=\"async\" width=\"598\" height=\"204\" src=\"https:\/\/radiostudiow.com.br\/site\/wp-content\/uploads\/2025\/05\/POLAK.png\" alt=\"\" class=\"wp-image-37847\" srcset=\"https:\/\/radiostudiow.com.br\/site\/wp-content\/uploads\/2025\/05\/POLAK.png 598w, https:\/\/radiostudiow.com.br\/site\/wp-content\/uploads\/2025\/05\/POLAK-300x102.png 300w\" sizes=\"auto, (max-width: 598px) 100vw, 598px\" \/><\/figure>\n\n\n\n<p>O propriet\u00e1rio da \u00e1rea n\u00e3o apresentou autoriza\u00e7\u00e3o para a supress\u00e3o da vegeta\u00e7\u00e3o, o que resultou na sua autua\u00e7\u00e3o. A \u00e1rea foi embargada para evitar novos danos, e o respons\u00e1vel responder\u00e1 criminalmente pelos danos ambientais causados.<\/p>\n\n\n\n<p>Essa a\u00e7\u00e3o refor\u00e7a o compromisso das autoridades ambientais em proteger nossas esp\u00e9cies amea\u00e7adas e \u00e1reas de preserva\u00e7\u00e3o, al\u00e9m de mostrar a import\u00e2ncia da den\u00fancia da sociedade para combater crimes ambientais.<\/p>\n\n\n\n<p>Resultados:<\/p>\n\n\n\n<p>\u2705 14,45 hectares de \u00e1reas embargadas;<br>\u2705 auto de infra\u00e7\u00e3o ambiental no valor de R$ 108.000,00.<\/p>\n\n\n\n<p>Pol\u00edcia Militar do Paran\u00e1, n\u00f3s fazemos a diferen\u00e7a!<\/p>\n","protected":false},"excerpt":{"rendered":"<p>Gra\u00e7as a uma den\u00fancia recebida pelo telefone 181, as equipes da Pol\u00edcia Militar Ambiental realizaram uma fiscaliza\u00e7\u00e3o em uma propriedade rural na localidade de Faxinal dos Elias, em S\u00e3o Mateus do Sul. Durante a inspe\u00e7\u00e3o, foi constatada a supress\u00e3o de vegeta\u00e7\u00e3o nativa em uma \u00e1rea de 14,45 hectares. O dano ambiental afetou esp\u00e9cies amea\u00e7adas de [&hellip;]<\/p>\n","protected":false},"author":2,"featured_media":38672,"comment_status":"open","ping_status":"open","sticky":false,"template":"","format":"standard","meta":{"footnotes":""},"categories":[2],"tags":[172],"class_list":["post-38671","post","type-post","status-publish","format-standard","has-post-thumbnail","hentry","category-policial","tag-featured"],"amp_enabled":true,"_links":{"self":[{"href":"https:\/\/radiostudiow.com.br\/site\/wp-json\/wp\/v2\/posts\/38671","targetHints":{"allow":["GET"]}}],"collection":[{"href":"https:\/\/radiostudiow.com.br\/site\/wp-json\/wp\/v2\/posts"}],"about":[{"href":"https:\/\/radiostudiow.com.br\/site\/wp-json\/wp\/v2\/types\/post"}],"author":[{"embeddable":true,"href":"https:\/\/radiostudiow.com.br\/site\/wp-json\/wp\/v2\/users\/2"}],"replies":[{"embeddable":true,"href":"https:\/\/radiostudiow.com.br\/site\/wp-json\/wp\/v2\/comments?post=38671"}],"version-history":[{"count":1,"href":"https:\/\/radiostudiow.com.br\/site\/wp-json\/wp\/v2\/posts\/38671\/revisions"}],"predecessor-version":[{"id":38673,"href":"https:\/\/radiostudiow.com.br\/site\/wp-json\/wp\/v2\/posts\/38671\/revisions\/38673"}],"wp:featuredmedia":[{"embeddable":true,"href":"https:\/\/radiostudiow.com.br\/site\/wp-json\/wp\/v2\/media\/38672"}],"wp:attachment":[{"href":"https:\/\/radiostudiow.com.br\/site\/wp-json\/wp\/v2\/media?parent=38671"}],"wp:term":[{"taxonomy":"category","embeddable":true,"href":"https:\/\/radiostudiow.com.br\/site\/wp-json\/wp\/v2\/categories?post=38671"},{"taxonomy":"post_tag","embeddable":true,"href":"https:\/\/radiostudiow.com.br\/site\/wp-json\/wp\/v2\/tags?post=38671"}],"curies":[{"name":"wp","href":"https:\/\/api.w.org\/{rel}","templated":true}]}}