{"id":38674,"date":"2025-05-26T09:53:28","date_gmt":"2025-05-26T12:53:28","guid":{"rendered":"https:\/\/radiostudiow.com.br\/site\/?p=38674"},"modified":"2025-05-26T09:53:28","modified_gmt":"2025-05-26T12:53:28","slug":"policia-ambiental-identifica-corte-ilegal-de-arvores-ameacadas-de-extincao-em-imbituva","status":"publish","type":"post","link":"https:\/\/radiostudiow.com.br\/site\/2025\/05\/26\/policia-ambiental-identifica-corte-ilegal-de-arvores-ameacadas-de-extincao-em-imbituva\/","title":{"rendered":"POL\u00cdCIA AMBIENTAL IDENTIFICA CORTE ILEGAL DE \u00c1RVORES AMEA\u00c7ADAS DE EXTIN\u00c7\u00c3O EM IMBITUVA"},"content":{"rendered":"\n<figure class=\"wp-block-image size-full\"><img loading=\"lazy\" decoding=\"async\" width=\"897\" height=\"204\" src=\"https:\/\/radiostudiow.com.br\/site\/wp-content\/uploads\/2025\/01\/SITE-GRANDE.png\" alt=\"\" class=\"wp-image-32809\" srcset=\"https:\/\/radiostudiow.com.br\/site\/wp-content\/uploads\/2025\/01\/SITE-GRANDE.png 897w, https:\/\/radiostudiow.com.br\/site\/wp-content\/uploads\/2025\/01\/SITE-GRANDE-300x68.png 300w, https:\/\/radiostudiow.com.br\/site\/wp-content\/uploads\/2025\/01\/SITE-GRANDE-768x175.png 768w\" sizes=\"auto, (max-width: 897px) 100vw, 897px\" \/><\/figure>\n\n\n\n<p>Em resposta \u00e0 den\u00fancia recebida pelo 181, equipes da Pol\u00edcia Militar Ambiental realizaram uma fiscaliza\u00e7\u00e3o em uma propriedade rural no Povoado Imbituvinha, munic\u00edpio de Imbituva. Durante a vistoria, foi constatado um grave dano \u00e0 vegeta\u00e7\u00e3o nativa, incluindo ro\u00e7ada do sub bosque, corte seletivo de diversas \u00e1rvores nativas e o corte de 88 \u00e1rvores de pinheiro arauc\u00e1ria \u2014 uma esp\u00e9cie amea\u00e7ada de extin\u00e7\u00e3o.<\/p>\n\n\n\n<p>A \u00e1rea afetada abrange aproximadamente 7,98 hectares. Como o propriet\u00e1rio n\u00e3o possu\u00eda autoriza\u00e7\u00e3o ambiental para realizar tais atividades, ele foi autuado por danificar a vegeta\u00e7\u00e3o e pelo corte ilegal de \u00e1rvores nativas. Al\u00e9m das penalidades administrativas, ele responder\u00e1 criminalmente pelos danos causados ao meio ambiente.<\/p>\n\n\n\n<figure class=\"wp-block-image size-full\"><img loading=\"lazy\" decoding=\"async\" width=\"300\" height=\"180\" src=\"https:\/\/radiostudiow.com.br\/site\/wp-content\/uploads\/2025\/05\/Avenida-BIKE.jpg\" alt=\"\" class=\"wp-image-37992\"\/><\/figure>\n\n\n\n<p>Essa a\u00e7\u00e3o refor\u00e7a o compromisso das autoridades em proteger nossas esp\u00e9cies amea\u00e7adas e preservar as \u00e1reas de vegeta\u00e7\u00e3o nativa. A Pol\u00edcia Ambiental continuar\u00e1 atuando de forma firme para coibir pr\u00e1ticas ilegais que colocam em risco o equil\u00edbrio ecol\u00f3gico da nossa regi\u00e3o.<\/p>\n\n\n\n<p>Resultados:<\/p>\n\n\n\n<p>\u2705 7,98 hectares de \u00e1reas embargadas;<br>\u2705 auto de infra\u00e7\u00e3o ambiental no valor de R$ 100.000,00.<\/p>\n\n\n\n<p>Pol\u00edcia Militar do Paran\u00e1, n\u00f3s fazemos a diferen\u00e7a!<\/p>\n","protected":false},"excerpt":{"rendered":"<p>Em resposta \u00e0 den\u00fancia recebida pelo 181, equipes da Pol\u00edcia Militar Ambiental realizaram uma fiscaliza\u00e7\u00e3o em uma propriedade rural no Povoado Imbituvinha, munic\u00edpio de Imbituva. Durante a vistoria, foi constatado um grave dano \u00e0 vegeta\u00e7\u00e3o nativa, incluindo ro\u00e7ada do sub bosque, corte seletivo de diversas \u00e1rvores nativas e o corte de 88 \u00e1rvores de pinheiro [&hellip;]<\/p>\n","protected":false},"author":2,"featured_media":38675,"comment_status":"open","ping_status":"open","sticky":false,"template":"","format":"standard","meta":{"footnotes":""},"categories":[2],"tags":[172],"class_list":["post-38674","post","type-post","status-publish","format-standard","has-post-thumbnail","hentry","category-policial","tag-featured"],"amp_enabled":true,"_links":{"self":[{"href":"https:\/\/radiostudiow.com.br\/site\/wp-json\/wp\/v2\/posts\/38674","targetHints":{"allow":["GET"]}}],"collection":[{"href":"https:\/\/radiostudiow.com.br\/site\/wp-json\/wp\/v2\/posts"}],"about":[{"href":"https:\/\/radiostudiow.com.br\/site\/wp-json\/wp\/v2\/types\/post"}],"author":[{"embeddable":true,"href":"https:\/\/radiostudiow.com.br\/site\/wp-json\/wp\/v2\/users\/2"}],"replies":[{"embeddable":true,"href":"https:\/\/radiostudiow.com.br\/site\/wp-json\/wp\/v2\/comments?post=38674"}],"version-history":[{"count":1,"href":"https:\/\/radiostudiow.com.br\/site\/wp-json\/wp\/v2\/posts\/38674\/revisions"}],"predecessor-version":[{"id":38676,"href":"https:\/\/radiostudiow.com.br\/site\/wp-json\/wp\/v2\/posts\/38674\/revisions\/38676"}],"wp:featuredmedia":[{"embeddable":true,"href":"https:\/\/radiostudiow.com.br\/site\/wp-json\/wp\/v2\/media\/38675"}],"wp:attachment":[{"href":"https:\/\/radiostudiow.com.br\/site\/wp-json\/wp\/v2\/media?parent=38674"}],"wp:term":[{"taxonomy":"category","embeddable":true,"href":"https:\/\/radiostudiow.com.br\/site\/wp-json\/wp\/v2\/categories?post=38674"},{"taxonomy":"post_tag","embeddable":true,"href":"https:\/\/radiostudiow.com.br\/site\/wp-json\/wp\/v2\/tags?post=38674"}],"curies":[{"name":"wp","href":"https:\/\/api.w.org\/{rel}","templated":true}]}}