{"id":38682,"date":"2025-05-26T11:07:43","date_gmt":"2025-05-26T14:07:43","guid":{"rendered":"https:\/\/radiostudiow.com.br\/site\/?p=38682"},"modified":"2025-05-26T11:07:43","modified_gmt":"2025-05-26T14:07:43","slug":"homem-de-31-anos-morre-em-acidente-na-br-476-em-uniao-da-vitoria","status":"publish","type":"post","link":"https:\/\/radiostudiow.com.br\/site\/2025\/05\/26\/homem-de-31-anos-morre-em-acidente-na-br-476-em-uniao-da-vitoria\/","title":{"rendered":"Homem de 31 anos morre em acidente na BR 476 em Uni\u00e3o da Vit\u00f3ria"},"content":{"rendered":"\n<figure class=\"wp-block-image size-full\"><img loading=\"lazy\" decoding=\"async\" width=\"897\" height=\"204\" src=\"https:\/\/radiostudiow.com.br\/site\/wp-content\/uploads\/2025\/03\/image-62.png\" alt=\"\" class=\"wp-image-35859\" srcset=\"https:\/\/radiostudiow.com.br\/site\/wp-content\/uploads\/2025\/03\/image-62.png 897w, https:\/\/radiostudiow.com.br\/site\/wp-content\/uploads\/2025\/03\/image-62-300x68.png 300w, https:\/\/radiostudiow.com.br\/site\/wp-content\/uploads\/2025\/03\/image-62-768x175.png 768w\" sizes=\"auto, (max-width: 897px) 100vw, 897px\" \/><\/figure>\n\n\n\n<p>Foi identificado como Edilson Fernandes, de 31 anos,&nbsp;o condutor do Gol que colidiu violentamente contra um Corsa na madrugada deste domingo (25), por volta das 4h,&nbsp;na BR-476, pr\u00f3ximo ao acesso ao bairro Nossa Senhora das Gra\u00e7as, em Uni\u00e3o da Vit\u00f3ria.<\/p>\n\n\n\n<p>De acordo com informa\u00e7\u00f5es das autoridades, o impacto foi severo e mobilizou equipes do Corpo de Bombeiros, Servi\u00e7o de Atendimento M\u00f3vel de Urg\u00eancia (Samu) e Pol\u00edcia Rodovi\u00e1ria Federal (PRF). Edilson n\u00e3o resistiu aos ferimentos e morreu ainda no local. O corpo foi recolhido pelo Instituto M\u00e9dico Legal (IML). Ele era morador de Uni\u00e3o da Vit\u00f3ria.<\/p>\n\n\n\n<figure class=\"wp-block-image size-full\"><img loading=\"lazy\" decoding=\"async\" width=\"300\" height=\"180\" src=\"https:\/\/radiostudiow.com.br\/site\/wp-content\/uploads\/2025\/05\/SITE-PEQUENO.jpg\" alt=\"\" class=\"wp-image-38684\"\/><\/figure>\n\n\n\n<p>No Corsa estavam dois ocupantes. O passageiro de 21 anos, ficou gravemente ferido e foi levado ao Hospital Regional. O motorista, residente em Paula Freitas, sofreu apenas escoria\u00e7\u00f5es e n\u00e3o corre risco de vida.<\/p>\n\n\n\n<p>As causas do acidente na BR-476 est\u00e3o sendo apuradas pelas autoridades.<\/p>\n\n\n\n<p>Segundo familiares, o corpo de Edilson ser\u00e1 velado no bairro S\u00e3o Crist\u00f3v\u00e3o, em Uni\u00e3o da Vit\u00f3ria, ap\u00f3s a libera\u00e7\u00e3o.<\/p>\n\n\n\n<p><strong><em>Com informa\u00e7\u00f5es Canal 4 TV, Vvale e JMais.<\/em><\/strong><\/p>\n","protected":false},"excerpt":{"rendered":"<p>Foi identificado como Edilson Fernandes, de 31 anos,&nbsp;o condutor do Gol que colidiu violentamente contra um Corsa na madrugada deste domingo (25), por volta das 4h,&nbsp;na BR-476, pr\u00f3ximo ao acesso ao bairro Nossa Senhora das Gra\u00e7as, em Uni\u00e3o da Vit\u00f3ria. De acordo com informa\u00e7\u00f5es das autoridades, o impacto foi severo e mobilizou equipes do Corpo [&hellip;]<\/p>\n","protected":false},"author":2,"featured_media":38683,"comment_status":"open","ping_status":"open","sticky":false,"template":"","format":"standard","meta":{"footnotes":""},"categories":[185],"tags":[172],"class_list":["post-38682","post","type-post","status-publish","format-standard","has-post-thumbnail","hentry","category-regional","tag-featured"],"amp_enabled":true,"_links":{"self":[{"href":"https:\/\/radiostudiow.com.br\/site\/wp-json\/wp\/v2\/posts\/38682","targetHints":{"allow":["GET"]}}],"collection":[{"href":"https:\/\/radiostudiow.com.br\/site\/wp-json\/wp\/v2\/posts"}],"about":[{"href":"https:\/\/radiostudiow.com.br\/site\/wp-json\/wp\/v2\/types\/post"}],"author":[{"embeddable":true,"href":"https:\/\/radiostudiow.com.br\/site\/wp-json\/wp\/v2\/users\/2"}],"replies":[{"embeddable":true,"href":"https:\/\/radiostudiow.com.br\/site\/wp-json\/wp\/v2\/comments?post=38682"}],"version-history":[{"count":1,"href":"https:\/\/radiostudiow.com.br\/site\/wp-json\/wp\/v2\/posts\/38682\/revisions"}],"predecessor-version":[{"id":38685,"href":"https:\/\/radiostudiow.com.br\/site\/wp-json\/wp\/v2\/posts\/38682\/revisions\/38685"}],"wp:featuredmedia":[{"embeddable":true,"href":"https:\/\/radiostudiow.com.br\/site\/wp-json\/wp\/v2\/media\/38683"}],"wp:attachment":[{"href":"https:\/\/radiostudiow.com.br\/site\/wp-json\/wp\/v2\/media?parent=38682"}],"wp:term":[{"taxonomy":"category","embeddable":true,"href":"https:\/\/radiostudiow.com.br\/site\/wp-json\/wp\/v2\/categories?post=38682"},{"taxonomy":"post_tag","embeddable":true,"href":"https:\/\/radiostudiow.com.br\/site\/wp-json\/wp\/v2\/tags?post=38682"}],"curies":[{"name":"wp","href":"https:\/\/api.w.org\/{rel}","templated":true}]}}