{"id":38686,"date":"2025-05-26T11:13:50","date_gmt":"2025-05-26T14:13:50","guid":{"rendered":"https:\/\/radiostudiow.com.br\/site\/?p=38686"},"modified":"2025-05-26T11:13:51","modified_gmt":"2025-05-26T14:13:51","slug":"policia-militar-apreende-aparelho-de-som-por-perturbacao-do-sossego-em-uniao-da-vitoria","status":"publish","type":"post","link":"https:\/\/radiostudiow.com.br\/site\/2025\/05\/26\/policia-militar-apreende-aparelho-de-som-por-perturbacao-do-sossego-em-uniao-da-vitoria\/","title":{"rendered":"Pol\u00edcia Militar apreende aparelho de som por perturba\u00e7\u00e3o do sossego em Uni\u00e3o da Vit\u00f3ria"},"content":{"rendered":"\n<p>A equipe da Pol\u00edcia Militar de Uni\u00e3o da Vit\u00f3ria atendeu uma situa\u00e7\u00e3o de perturba\u00e7\u00e3o do sossego, conversa alta e som, no bairro Panorama por volta das 15h39min desse domingo (25).<\/p>\n\n\n\n<p>A equipe se deslocou at\u00e9 local, constatando que haviam cerca de 15 pessoas.<\/p>\n\n\n\n<figure class=\"wp-block-image size-full\"><img loading=\"lazy\" decoding=\"async\" width=\"300\" height=\"180\" src=\"https:\/\/radiostudiow.com.br\/site\/wp-content\/uploads\/2025\/04\/LOU.png\" alt=\"\" class=\"wp-image-37228\"\/><\/figure>\n\n\n\n<p>Duas vizinhas optaram porrepresentar criminalmente contra o respons\u00e1vel pela festa, logo, autor e o som foram encaminhadas at\u00e9 a sede do 27\u00ba Batalh\u00e3o da Pol\u00edcia Militar para lavratura do Termo Circunstanciado.<\/p>\n\n\n\n<p><\/p>\n","protected":false},"excerpt":{"rendered":"<p>A equipe da Pol\u00edcia Militar de Uni\u00e3o da Vit\u00f3ria atendeu uma situa\u00e7\u00e3o de perturba\u00e7\u00e3o do sossego, conversa alta e som, no bairro Panorama por volta das 15h39min desse domingo (25). A equipe se deslocou at\u00e9 local, constatando que haviam cerca de 15 pessoas. Duas vizinhas optaram porrepresentar criminalmente contra o respons\u00e1vel pela festa, logo, autor [&hellip;]<\/p>\n","protected":false},"author":2,"featured_media":22528,"comment_status":"open","ping_status":"open","sticky":false,"template":"","format":"standard","meta":{"footnotes":""},"categories":[2],"tags":[172],"class_list":["post-38686","post","type-post","status-publish","format-standard","has-post-thumbnail","hentry","category-policial","tag-featured"],"amp_enabled":true,"_links":{"self":[{"href":"https:\/\/radiostudiow.com.br\/site\/wp-json\/wp\/v2\/posts\/38686","targetHints":{"allow":["GET"]}}],"collection":[{"href":"https:\/\/radiostudiow.com.br\/site\/wp-json\/wp\/v2\/posts"}],"about":[{"href":"https:\/\/radiostudiow.com.br\/site\/wp-json\/wp\/v2\/types\/post"}],"author":[{"embeddable":true,"href":"https:\/\/radiostudiow.com.br\/site\/wp-json\/wp\/v2\/users\/2"}],"replies":[{"embeddable":true,"href":"https:\/\/radiostudiow.com.br\/site\/wp-json\/wp\/v2\/comments?post=38686"}],"version-history":[{"count":2,"href":"https:\/\/radiostudiow.com.br\/site\/wp-json\/wp\/v2\/posts\/38686\/revisions"}],"predecessor-version":[{"id":38688,"href":"https:\/\/radiostudiow.com.br\/site\/wp-json\/wp\/v2\/posts\/38686\/revisions\/38688"}],"wp:featuredmedia":[{"embeddable":true,"href":"https:\/\/radiostudiow.com.br\/site\/wp-json\/wp\/v2\/media\/22528"}],"wp:attachment":[{"href":"https:\/\/radiostudiow.com.br\/site\/wp-json\/wp\/v2\/media?parent=38686"}],"wp:term":[{"taxonomy":"category","embeddable":true,"href":"https:\/\/radiostudiow.com.br\/site\/wp-json\/wp\/v2\/categories?post=38686"},{"taxonomy":"post_tag","embeddable":true,"href":"https:\/\/radiostudiow.com.br\/site\/wp-json\/wp\/v2\/tags?post=38686"}],"curies":[{"name":"wp","href":"https:\/\/api.w.org\/{rel}","templated":true}]}}