{"id":38692,"date":"2025-05-26T11:24:34","date_gmt":"2025-05-26T14:24:34","guid":{"rendered":"https:\/\/radiostudiow.com.br\/site\/?p=38692"},"modified":"2025-05-26T11:24:34","modified_gmt":"2025-05-26T14:24:34","slug":"homem-e-detido-por-embriaguez-ao-volante-em-bituruna","status":"publish","type":"post","link":"https:\/\/radiostudiow.com.br\/site\/2025\/05\/26\/homem-e-detido-por-embriaguez-ao-volante-em-bituruna\/","title":{"rendered":"Homem \u00e9 detido por embriaguez ao volante em Bituruna"},"content":{"rendered":"\n<p>Equipe da Pol\u00edcia Militar de Bituruna foi acionada para atendimento de sinistro de tr\u00e2nsito na \u00e1rea central da cidade por volta das 19h50min desse domingo (25).<\/p>\n\n\n\n<p>Sendo que no local, o condutor do ve\u00edculo envolvido relatou que um ve\u00edculo de cor branca colidiu na traseira de seu ve\u00edculo e posteriormente teria se evadido do local, por\u00e9m, ap\u00f3s alguns minutos atrav\u00e9s de den\u00fancia o ve\u00edculo foi localizado e abordado.<\/p>\n\n\n\n<figure class=\"wp-block-image size-full\"><img loading=\"lazy\" decoding=\"async\" width=\"300\" height=\"180\" src=\"https:\/\/radiostudiow.com.br\/site\/wp-content\/uploads\/2025\/04\/DAIANE.png\" alt=\"\" class=\"wp-image-37227\"\/><\/figure>\n\n\n\n<p>Sendo poss\u00edvel avistar no interior do ve\u00edculo, v\u00e1rias latas de cervejas vazias, que ap\u00f3s o teste etilom\u00e9tricofoi constatada a embriaguez.<\/p>\n\n\n\n<p>Posteriormente os envolvidos foram encaminhados a 4\u00aaSDP em Uni\u00e3o da Vit\u00f3ria para os procedimentos judici\u00e1rios cab\u00edveis<\/p>\n\n\n\n<figure class=\"wp-block-image size-full\"><img loading=\"lazy\" decoding=\"async\" width=\"900\" height=\"408\" src=\"https:\/\/radiostudiow.com.br\/site\/wp-content\/uploads\/2025\/03\/SITE-E-TV-1.png\" alt=\"\" class=\"wp-image-35744\" srcset=\"https:\/\/radiostudiow.com.br\/site\/wp-content\/uploads\/2025\/03\/SITE-E-TV-1.png 900w, https:\/\/radiostudiow.com.br\/site\/wp-content\/uploads\/2025\/03\/SITE-E-TV-1-300x136.png 300w, https:\/\/radiostudiow.com.br\/site\/wp-content\/uploads\/2025\/03\/SITE-E-TV-1-768x348.png 768w\" sizes=\"auto, (max-width: 900px) 100vw, 900px\" \/><\/figure>\n","protected":false},"excerpt":{"rendered":"<p>Equipe da Pol\u00edcia Militar de Bituruna foi acionada para atendimento de sinistro de tr\u00e2nsito na \u00e1rea central da cidade por volta das 19h50min desse domingo (25). Sendo que no local, o condutor do ve\u00edculo envolvido relatou que um ve\u00edculo de cor branca colidiu na traseira de seu ve\u00edculo e posteriormente teria se evadido do local, [&hellip;]<\/p>\n","protected":false},"author":2,"featured_media":33899,"comment_status":"open","ping_status":"open","sticky":false,"template":"","format":"standard","meta":{"footnotes":""},"categories":[2],"tags":[172],"class_list":["post-38692","post","type-post","status-publish","format-standard","has-post-thumbnail","hentry","category-policial","tag-featured"],"amp_enabled":true,"_links":{"self":[{"href":"https:\/\/radiostudiow.com.br\/site\/wp-json\/wp\/v2\/posts\/38692","targetHints":{"allow":["GET"]}}],"collection":[{"href":"https:\/\/radiostudiow.com.br\/site\/wp-json\/wp\/v2\/posts"}],"about":[{"href":"https:\/\/radiostudiow.com.br\/site\/wp-json\/wp\/v2\/types\/post"}],"author":[{"embeddable":true,"href":"https:\/\/radiostudiow.com.br\/site\/wp-json\/wp\/v2\/users\/2"}],"replies":[{"embeddable":true,"href":"https:\/\/radiostudiow.com.br\/site\/wp-json\/wp\/v2\/comments?post=38692"}],"version-history":[{"count":2,"href":"https:\/\/radiostudiow.com.br\/site\/wp-json\/wp\/v2\/posts\/38692\/revisions"}],"predecessor-version":[{"id":38694,"href":"https:\/\/radiostudiow.com.br\/site\/wp-json\/wp\/v2\/posts\/38692\/revisions\/38694"}],"wp:featuredmedia":[{"embeddable":true,"href":"https:\/\/radiostudiow.com.br\/site\/wp-json\/wp\/v2\/media\/33899"}],"wp:attachment":[{"href":"https:\/\/radiostudiow.com.br\/site\/wp-json\/wp\/v2\/media?parent=38692"}],"wp:term":[{"taxonomy":"category","embeddable":true,"href":"https:\/\/radiostudiow.com.br\/site\/wp-json\/wp\/v2\/categories?post=38692"},{"taxonomy":"post_tag","embeddable":true,"href":"https:\/\/radiostudiow.com.br\/site\/wp-json\/wp\/v2\/tags?post=38692"}],"curies":[{"name":"wp","href":"https:\/\/api.w.org\/{rel}","templated":true}]}}