{"id":38695,"date":"2025-05-26T11:31:58","date_gmt":"2025-05-26T14:31:58","guid":{"rendered":"https:\/\/radiostudiow.com.br\/site\/?p=38695"},"modified":"2025-05-26T11:31:58","modified_gmt":"2025-05-26T14:31:58","slug":"homem-e-preso-em-flagrante-apos-matar-o-avo-com-machado-em-palmas","status":"publish","type":"post","link":"https:\/\/radiostudiow.com.br\/site\/2025\/05\/26\/homem-e-preso-em-flagrante-apos-matar-o-avo-com-machado-em-palmas\/","title":{"rendered":"Homem \u00e9 preso em flagrante ap\u00f3s matar o av\u00f4 com machado em \u00a0Palmas"},"content":{"rendered":"\n<figure class=\"wp-block-image size-full\"><img loading=\"lazy\" decoding=\"async\" width=\"897\" height=\"204\" src=\"https:\/\/radiostudiow.com.br\/site\/wp-content\/uploads\/2025\/03\/SITE-GRANDE5.png\" alt=\"\" class=\"wp-image-35420\" srcset=\"https:\/\/radiostudiow.com.br\/site\/wp-content\/uploads\/2025\/03\/SITE-GRANDE5.png 897w, https:\/\/radiostudiow.com.br\/site\/wp-content\/uploads\/2025\/03\/SITE-GRANDE5-300x68.png 300w, https:\/\/radiostudiow.com.br\/site\/wp-content\/uploads\/2025\/03\/SITE-GRANDE5-768x175.png 768w\" sizes=\"auto, (max-width: 897px) 100vw, 897px\" \/><\/figure>\n\n\n\n<p class=\"has-text-align-center\"><em>Informa\u00e7\u00f5es: Portal V.Vale e Portal RBJ<\/em><\/p>\n\n\n\n<p>Um crime brutal chocou os moradores de Palmas, no sul do Paran\u00e1, na tarde deste domingo, 25.\u00a0Um homem foi preso em flagrante ap\u00f3s matar o pr\u00f3prio av\u00f4 com golpes de machado no Bairro Lago\u00e3o.<\/p>\n\n\n\n<p>De acordo com a Delegada Alini Simadon, respons\u00e1vel pelo caso, o crime ocorreu por volta das 16h50 na Rua Ema Mazzalotti Cardoso.\u00a0A v\u00edtima chegou a ser socorrida por uma equipe do SAMU, mas n\u00e3o resistiu aos graves ferimentos e morreu durante o atendimento no hospital.<\/p>\n\n\n\n<figure class=\"wp-block-image size-full\"><img loading=\"lazy\" decoding=\"async\" width=\"598\" height=\"204\" src=\"https:\/\/radiostudiow.com.br\/site\/wp-content\/uploads\/2025\/04\/BOROX.png\" alt=\"\" class=\"wp-image-37229\" srcset=\"https:\/\/radiostudiow.com.br\/site\/wp-content\/uploads\/2025\/04\/BOROX.png 598w, https:\/\/radiostudiow.com.br\/site\/wp-content\/uploads\/2025\/04\/BOROX-300x102.png 300w\" sizes=\"auto, (max-width: 598px) 100vw, 598px\" \/><\/figure>\n\n\n\n<p>O autor do homic\u00eddio foi detido ainda no local do crime por policiais da 12\u00aa Companhia Independente da Pol\u00edcia Militar (CIPM), equipe da ROTAM.\u00a0A arma utilizada, um machado, foi apreendida.<\/p>\n\n\n\n<p>A Pol\u00edcia Civil foi acionada imediatamente ap\u00f3s o ocorrido e iniciou os trabalhos de apura\u00e7\u00e3o, colhendo depoimentos de testemunhas e formalizando o auto de pris\u00e3o em flagrante do suspeito.\u00a0A motiva\u00e7\u00e3o do crime ainda n\u00e3o foi confirmada.<\/p>\n\n\n\n<p>Segundo a Delegada Simadon, mais informa\u00e7\u00f5es dever\u00e3o ser repassadas \u00e0 medida que os procedimentos da investiga\u00e7\u00e3o avan\u00e7arem.<\/p>\n","protected":false},"excerpt":{"rendered":"<p>Informa\u00e7\u00f5es: Portal V.Vale e Portal RBJ Um crime brutal chocou os moradores de Palmas, no sul do Paran\u00e1, na tarde deste domingo, 25.\u00a0Um homem foi preso em flagrante ap\u00f3s matar o pr\u00f3prio av\u00f4 com golpes de machado no Bairro Lago\u00e3o. De acordo com a Delegada Alini Simadon, respons\u00e1vel pelo caso, o crime ocorreu por volta [&hellip;]<\/p>\n","protected":false},"author":2,"featured_media":38697,"comment_status":"open","ping_status":"open","sticky":false,"template":"","format":"standard","meta":{"footnotes":""},"categories":[2],"tags":[172],"class_list":["post-38695","post","type-post","status-publish","format-standard","has-post-thumbnail","hentry","category-policial","tag-featured"],"amp_enabled":true,"_links":{"self":[{"href":"https:\/\/radiostudiow.com.br\/site\/wp-json\/wp\/v2\/posts\/38695","targetHints":{"allow":["GET"]}}],"collection":[{"href":"https:\/\/radiostudiow.com.br\/site\/wp-json\/wp\/v2\/posts"}],"about":[{"href":"https:\/\/radiostudiow.com.br\/site\/wp-json\/wp\/v2\/types\/post"}],"author":[{"embeddable":true,"href":"https:\/\/radiostudiow.com.br\/site\/wp-json\/wp\/v2\/users\/2"}],"replies":[{"embeddable":true,"href":"https:\/\/radiostudiow.com.br\/site\/wp-json\/wp\/v2\/comments?post=38695"}],"version-history":[{"count":2,"href":"https:\/\/radiostudiow.com.br\/site\/wp-json\/wp\/v2\/posts\/38695\/revisions"}],"predecessor-version":[{"id":38698,"href":"https:\/\/radiostudiow.com.br\/site\/wp-json\/wp\/v2\/posts\/38695\/revisions\/38698"}],"wp:featuredmedia":[{"embeddable":true,"href":"https:\/\/radiostudiow.com.br\/site\/wp-json\/wp\/v2\/media\/38697"}],"wp:attachment":[{"href":"https:\/\/radiostudiow.com.br\/site\/wp-json\/wp\/v2\/media?parent=38695"}],"wp:term":[{"taxonomy":"category","embeddable":true,"href":"https:\/\/radiostudiow.com.br\/site\/wp-json\/wp\/v2\/categories?post=38695"},{"taxonomy":"post_tag","embeddable":true,"href":"https:\/\/radiostudiow.com.br\/site\/wp-json\/wp\/v2\/tags?post=38695"}],"curies":[{"name":"wp","href":"https:\/\/api.w.org\/{rel}","templated":true}]}}