{"id":38716,"date":"2025-05-26T17:13:36","date_gmt":"2025-05-26T20:13:36","guid":{"rendered":"https:\/\/radiostudiow.com.br\/site\/?p=38716"},"modified":"2025-05-26T17:13:37","modified_gmt":"2025-05-26T20:13:37","slug":"mulher-foge-de-agressoes-e-e-resgatada-as-margens-da-br-277-em-irati","status":"publish","type":"post","link":"https:\/\/radiostudiow.com.br\/site\/2025\/05\/26\/mulher-foge-de-agressoes-e-e-resgatada-as-margens-da-br-277-em-irati\/","title":{"rendered":"Mulher foge de agress\u00f5es e \u00e9 resgatada \u00e0s margens da BR-277 em Irati"},"content":{"rendered":"\n<p>Uma mulher foi encontrada em estado de desespero \u00e0s margens da BR-277, na interse\u00e7\u00e3o com a BR-438, ap\u00f3s relatar ter sido v\u00edtima de agress\u00f5es f\u00edsicas por parte de seu convivente. O caso mobilizou equipes policiais dos munic\u00edpios de Fernandes Pinheiro e Teixeira Soares, al\u00e9m do Conselho Tutelar, e resultou no acolhimento de duas crian\u00e7as e na assist\u00eancia imediata \u00e0 v\u00edtima.<\/p>\n\n\n\n<p>Segundo informa\u00e7\u00f5es repassadas pelas autoridades, a mulher foi avistada por motoristas transitando pela rodovia, aparentando estar nervosa e chorando. A abordagem ocorreu por volta das primeiras horas da noite, quando a equipe policial se dirigiu at\u00e9 o trevo das BRs 277 e 438 para prestar socorro.<\/p>\n\n\n\n<figure class=\"wp-block-image size-large is-resized\"><img loading=\"lazy\" decoding=\"async\" width=\"1024\" height=\"614\" src=\"https:\/\/radiostudiow.com.br\/site\/wp-content\/uploads\/2025\/05\/AVENIDA-BIKE-1-1024x614.png\" alt=\"\" class=\"wp-image-38717\" style=\"width:384px;height:auto\" srcset=\"https:\/\/radiostudiow.com.br\/site\/wp-content\/uploads\/2025\/05\/AVENIDA-BIKE-1-1024x614.png 1024w, https:\/\/radiostudiow.com.br\/site\/wp-content\/uploads\/2025\/05\/AVENIDA-BIKE-1-300x180.png 300w, https:\/\/radiostudiow.com.br\/site\/wp-content\/uploads\/2025\/05\/AVENIDA-BIKE-1-768x461.png 768w, https:\/\/radiostudiow.com.br\/site\/wp-content\/uploads\/2025\/05\/AVENIDA-BIKE-1-1536x921.png 1536w, https:\/\/radiostudiow.com.br\/site\/wp-content\/uploads\/2025\/05\/AVENIDA-BIKE-1-1000x600.png 1000w, https:\/\/radiostudiow.com.br\/site\/wp-content\/uploads\/2025\/05\/AVENIDA-BIKE-1.png 1672w\" sizes=\"auto, (max-width: 1024px) 100vw, 1024px\" \/><\/figure>\n\n\n\n<p>Em conversa com os policiais, a mulher relatou que havia sa\u00eddo para um passeio em Irati com seu companheiro e um amigo. Durante uma parada em um posto de combust\u00edveis \u2014 cujo nome ela n\u00e3o soube informar \u2014 o convivente iniciou uma s\u00e9rie de agress\u00f5es verbais. Diante dos xingamentos, a mulher decidiu se afastar, sendo ent\u00e3o perseguida e atacada fisicamente com socos, chutes e pux\u00f5es de cabelo.<\/p>\n\n\n\n<p>Na tentativa de se defender, a v\u00edtima usou um canivete e desferiu tr\u00eas golpes na regi\u00e3o lombar do agressor, o que interrompeu momentaneamente as agress\u00f5es. Contudo, segundo o relato, o homem ainda tentou atac\u00e1-la novamente, o que a levou a fugir e se esconder em uma \u00e1rea de mata. Posteriormente, conseguiu sair \u00e0s margens da BR-277 para pedir ajuda.<\/p>\n\n\n\n<p>As equipes policiais se dirigiram \u00e0 resid\u00eancia do casal para garantir o acolhimento das duas filhas do agressor, que estavam no local. Com o apoio do Conselho Tutelar de Teixeira Soares, as crian\u00e7as foram acolhidas em seguran\u00e7a.<\/p>\n\n\n\n<figure class=\"wp-block-image size-full\"><img loading=\"lazy\" decoding=\"async\" width=\"897\" height=\"204\" src=\"https:\/\/radiostudiow.com.br\/site\/wp-content\/uploads\/2025\/03\/BARAO-NOVO-NOTICIAS-1.jpg\" alt=\"\" class=\"wp-image-35084\" srcset=\"https:\/\/radiostudiow.com.br\/site\/wp-content\/uploads\/2025\/03\/BARAO-NOVO-NOTICIAS-1.jpg 897w, https:\/\/radiostudiow.com.br\/site\/wp-content\/uploads\/2025\/03\/BARAO-NOVO-NOTICIAS-1-300x68.jpg 300w, https:\/\/radiostudiow.com.br\/site\/wp-content\/uploads\/2025\/03\/BARAO-NOVO-NOTICIAS-1-768x175.jpg 768w\" sizes=\"auto, (max-width: 897px) 100vw, 897px\" \/><\/figure>\n\n\n\n<p>A v\u00edtima foi encaminhada ao Hospital Associa\u00e7\u00e3o de Amigos de Teixeira Soares, onde passou por atendimento m\u00e9dico. Um laudo de les\u00f5es corporais apontou ferimentos em dez regi\u00f5es distintas do corpo.<\/p>\n\n\n\n<p>Ap\u00f3s os procedimentos m\u00e9dicos e administrativos, a mulher recebeu apoio assistencial das equipes policiais e dos conselheiros tutelares, sendo conduzida \u00e0 casa de sua m\u00e3e, no munic\u00edpio de Irati. Tamb\u00e9m foram levados seus pertences pessoais e os das filhas.<\/p>\n\n\n\n<p>O caso segue sob investiga\u00e7\u00e3o, e as autoridades destacam a import\u00e2ncia da den\u00fancia em situa\u00e7\u00f5es de viol\u00eancia dom\u00e9stica, refor\u00e7ando a rede de prote\u00e7\u00e3o \u00e0 mulher e \u00e0s crian\u00e7as em situa\u00e7\u00e3o de risco.<\/p>\n\n\n\n<p>Com informa\u00e7\u00f5es da Pol\u00edcia Militar.<a href=\"https:\/\/api.whatsapp.com\/send?text=Mulher%20foge%20de%20agress%C3%B5es%20e%20%C3%A9%20resgatada%20%C3%A0s%20margens%20da%20BR-277%20em%20Irati%20-%20https:\/\/alvoradanoar.com.br\/noticia\/708726\" target=\"_blank\" rel=\"noreferrer noopener\"><\/a><\/p>\n","protected":false},"excerpt":{"rendered":"<p>Uma mulher foi encontrada em estado de desespero \u00e0s margens da BR-277, na interse\u00e7\u00e3o com a BR-438, ap\u00f3s relatar ter sido v\u00edtima de agress\u00f5es f\u00edsicas por parte de seu convivente. O caso mobilizou equipes policiais dos munic\u00edpios de Fernandes Pinheiro e Teixeira Soares, al\u00e9m do Conselho Tutelar, e resultou no acolhimento de duas crian\u00e7as e [&hellip;]<\/p>\n","protected":false},"author":2,"featured_media":32793,"comment_status":"open","ping_status":"open","sticky":false,"template":"","format":"standard","meta":{"footnotes":""},"categories":[2],"tags":[172],"class_list":["post-38716","post","type-post","status-publish","format-standard","has-post-thumbnail","hentry","category-policial","tag-featured"],"amp_enabled":true,"_links":{"self":[{"href":"https:\/\/radiostudiow.com.br\/site\/wp-json\/wp\/v2\/posts\/38716","targetHints":{"allow":["GET"]}}],"collection":[{"href":"https:\/\/radiostudiow.com.br\/site\/wp-json\/wp\/v2\/posts"}],"about":[{"href":"https:\/\/radiostudiow.com.br\/site\/wp-json\/wp\/v2\/types\/post"}],"author":[{"embeddable":true,"href":"https:\/\/radiostudiow.com.br\/site\/wp-json\/wp\/v2\/users\/2"}],"replies":[{"embeddable":true,"href":"https:\/\/radiostudiow.com.br\/site\/wp-json\/wp\/v2\/comments?post=38716"}],"version-history":[{"count":1,"href":"https:\/\/radiostudiow.com.br\/site\/wp-json\/wp\/v2\/posts\/38716\/revisions"}],"predecessor-version":[{"id":38718,"href":"https:\/\/radiostudiow.com.br\/site\/wp-json\/wp\/v2\/posts\/38716\/revisions\/38718"}],"wp:featuredmedia":[{"embeddable":true,"href":"https:\/\/radiostudiow.com.br\/site\/wp-json\/wp\/v2\/media\/32793"}],"wp:attachment":[{"href":"https:\/\/radiostudiow.com.br\/site\/wp-json\/wp\/v2\/media?parent=38716"}],"wp:term":[{"taxonomy":"category","embeddable":true,"href":"https:\/\/radiostudiow.com.br\/site\/wp-json\/wp\/v2\/categories?post=38716"},{"taxonomy":"post_tag","embeddable":true,"href":"https:\/\/radiostudiow.com.br\/site\/wp-json\/wp\/v2\/tags?post=38716"}],"curies":[{"name":"wp","href":"https:\/\/api.w.org\/{rel}","templated":true}]}}