{"id":38719,"date":"2025-05-26T17:17:22","date_gmt":"2025-05-26T20:17:22","guid":{"rendered":"https:\/\/radiostudiow.com.br\/site\/?p=38719"},"modified":"2025-05-26T17:17:22","modified_gmt":"2025-05-26T20:17:22","slug":"edredom-cesta-basica-martelo-e-uma-lampada-foram-furtados-de-residencia-na-vila-feliz-em-reboucas","status":"publish","type":"post","link":"https:\/\/radiostudiow.com.br\/site\/2025\/05\/26\/edredom-cesta-basica-martelo-e-uma-lampada-foram-furtados-de-residencia-na-vila-feliz-em-reboucas\/","title":{"rendered":"Edredom, cesta b\u00e1sica, martelo e uma l\u00e2mpada foram furtados de resid\u00eancia na Vila Feliz em Rebou\u00e7as"},"content":{"rendered":"\n<figure class=\"wp-block-image size-full\"><img loading=\"lazy\" decoding=\"async\" width=\"897\" height=\"204\" src=\"https:\/\/radiostudiow.com.br\/site\/wp-content\/uploads\/2025\/05\/NUTRI-MALLET.png\" alt=\"\" class=\"wp-image-37813\" srcset=\"https:\/\/radiostudiow.com.br\/site\/wp-content\/uploads\/2025\/05\/NUTRI-MALLET.png 897w, https:\/\/radiostudiow.com.br\/site\/wp-content\/uploads\/2025\/05\/NUTRI-MALLET-300x68.png 300w, https:\/\/radiostudiow.com.br\/site\/wp-content\/uploads\/2025\/05\/NUTRI-MALLET-768x175.png 768w\" sizes=\"auto, (max-width: 897px) 100vw, 897px\" \/><\/figure>\n\n\n\n<p>Na noite deste s\u00e1bado (24-05), por volta das 18h30, uma equipe policial foi acionada para atender uma ocorr\u00eancia de furto qualificado na Vila Feliz, em Rebou\u00e7as. A situa\u00e7\u00e3o foi registrada ap\u00f3s o propriet\u00e1rio de uma resid\u00eancia, localizada na regi\u00e3o, constatar o desaparecimento de diversos pertences ao retornar ao im\u00f3vel.<\/p>\n\n\n\n<p>Segundo o relato da v\u00edtima, ele n\u00e3o reside permanentemente na casa, pois tem passado alguns dias na propriedade de sua m\u00e3e, situada na zona rural do munic\u00edpio. A \u00faltima visita ao local havia ocorrido no dia 19 de maio, segunda-feira. Ao retornar neste s\u00e1bado, ele percebeu que a resid\u00eancia havia sido invadida.<\/p>\n\n\n\n<p>A entrada dos criminosos se deu por uma janela da cozinha, que apresentava sinais claros de viola\u00e7\u00e3o. De acordo com a v\u00edtima, os autores do furto utilizaram uma t\u00e1bua para alcan\u00e7ar a janela do lado externo e romperam a tramela para ter acesso ao interior da casa.<\/p>\n\n\n\n<figure class=\"wp-block-image size-full\"><img loading=\"lazy\" decoding=\"async\" width=\"598\" height=\"204\" src=\"https:\/\/radiostudiow.com.br\/site\/wp-content\/uploads\/2025\/01\/SITE-MEDIO.png\" alt=\"\" class=\"wp-image-32810\" srcset=\"https:\/\/radiostudiow.com.br\/site\/wp-content\/uploads\/2025\/01\/SITE-MEDIO.png 598w, https:\/\/radiostudiow.com.br\/site\/wp-content\/uploads\/2025\/01\/SITE-MEDIO-300x102.png 300w\" sizes=\"auto, (max-width: 598px) 100vw, 598px\" \/><\/figure>\n\n\n\n<p><strong>Foram levados do local um edredom, alimentos que compunham uma cesta b\u00e1sica, um martelo e uma l\u00e2mpada.<\/strong><\/p>\n\n\n\n<p>Ap\u00f3s o atendimento, a equipe policial orientou a v\u00edtima sobre os procedimentos legais a serem adotados, incluindo o registro da ocorr\u00eancia na Delegacia de Pol\u00edcia Civil e a import\u00e2ncia de repassar qualquer informa\u00e7\u00e3o adicional que possa colaborar com as investiga\u00e7\u00f5es. Um boletim de ocorr\u00eancia foi elaborado para formalizar o caso.<\/p>\n\n\n\n<p>As autoridades seguem acompanhando o caso e investigam poss\u00edveis respons\u00e1veis pelo crime.<\/p>\n\n\n\n<p>Com informa\u00e7\u00f5es da Pol\u00edcia Militar.<a href=\"https:\/\/api.whatsapp.com\/send?text=Furto%20qualificado%20%C3%A9%20registrado%20na%20Vila%20Feliz%20em%20Rebou%C3%A7as%20-%20https:\/\/alvoradanoar.com.br\/noticia\/708725\" target=\"_blank\" rel=\"noreferrer noopener\"><\/a><\/p>\n","protected":false},"excerpt":{"rendered":"<p>Na noite deste s\u00e1bado (24-05), por volta das 18h30, uma equipe policial foi acionada para atender uma ocorr\u00eancia de furto qualificado na Vila Feliz, em Rebou\u00e7as. A situa\u00e7\u00e3o foi registrada ap\u00f3s o propriet\u00e1rio de uma resid\u00eancia, localizada na regi\u00e3o, constatar o desaparecimento de diversos pertences ao retornar ao im\u00f3vel. Segundo o relato da v\u00edtima, ele [&hellip;]<\/p>\n","protected":false},"author":2,"featured_media":27578,"comment_status":"open","ping_status":"open","sticky":false,"template":"","format":"standard","meta":{"footnotes":""},"categories":[2],"tags":[172],"class_list":["post-38719","post","type-post","status-publish","format-standard","has-post-thumbnail","hentry","category-policial","tag-featured"],"amp_enabled":true,"_links":{"self":[{"href":"https:\/\/radiostudiow.com.br\/site\/wp-json\/wp\/v2\/posts\/38719","targetHints":{"allow":["GET"]}}],"collection":[{"href":"https:\/\/radiostudiow.com.br\/site\/wp-json\/wp\/v2\/posts"}],"about":[{"href":"https:\/\/radiostudiow.com.br\/site\/wp-json\/wp\/v2\/types\/post"}],"author":[{"embeddable":true,"href":"https:\/\/radiostudiow.com.br\/site\/wp-json\/wp\/v2\/users\/2"}],"replies":[{"embeddable":true,"href":"https:\/\/radiostudiow.com.br\/site\/wp-json\/wp\/v2\/comments?post=38719"}],"version-history":[{"count":1,"href":"https:\/\/radiostudiow.com.br\/site\/wp-json\/wp\/v2\/posts\/38719\/revisions"}],"predecessor-version":[{"id":38720,"href":"https:\/\/radiostudiow.com.br\/site\/wp-json\/wp\/v2\/posts\/38719\/revisions\/38720"}],"wp:featuredmedia":[{"embeddable":true,"href":"https:\/\/radiostudiow.com.br\/site\/wp-json\/wp\/v2\/media\/27578"}],"wp:attachment":[{"href":"https:\/\/radiostudiow.com.br\/site\/wp-json\/wp\/v2\/media?parent=38719"}],"wp:term":[{"taxonomy":"category","embeddable":true,"href":"https:\/\/radiostudiow.com.br\/site\/wp-json\/wp\/v2\/categories?post=38719"},{"taxonomy":"post_tag","embeddable":true,"href":"https:\/\/radiostudiow.com.br\/site\/wp-json\/wp\/v2\/tags?post=38719"}],"curies":[{"name":"wp","href":"https:\/\/api.w.org\/{rel}","templated":true}]}}