{"id":38721,"date":"2025-05-26T17:26:35","date_gmt":"2025-05-26T20:26:35","guid":{"rendered":"https:\/\/radiostudiow.com.br\/site\/?p=38721"},"modified":"2025-05-26T17:26:35","modified_gmt":"2025-05-26T20:26:35","slug":"mppr-deflagra-operacao-em-reboucas-que-investiga-trafico-interestadual-de-drogas-e-lavagem-de-capitais","status":"publish","type":"post","link":"https:\/\/radiostudiow.com.br\/site\/2025\/05\/26\/mppr-deflagra-operacao-em-reboucas-que-investiga-trafico-interestadual-de-drogas-e-lavagem-de-capitais\/","title":{"rendered":"MPPR deflagra opera\u00e7\u00e3o em Rebou\u00e7as que investiga tr\u00e1fico interestadual de drogas e lavagem de capitais"},"content":{"rendered":"\n<figure class=\"wp-block-image size-full\"><img loading=\"lazy\" decoding=\"async\" width=\"897\" height=\"204\" src=\"https:\/\/radiostudiow.com.br\/site\/wp-content\/uploads\/2025\/02\/SITE-GRANDE7.png\" alt=\"\" class=\"wp-image-33861\" srcset=\"https:\/\/radiostudiow.com.br\/site\/wp-content\/uploads\/2025\/02\/SITE-GRANDE7.png 897w, https:\/\/radiostudiow.com.br\/site\/wp-content\/uploads\/2025\/02\/SITE-GRANDE7-300x68.png 300w, https:\/\/radiostudiow.com.br\/site\/wp-content\/uploads\/2025\/02\/SITE-GRANDE7-768x175.png 768w\" sizes=\"auto, (max-width: 897px) 100vw, 897px\" \/><\/figure>\n\n\n\n<p>O Minist\u00e9rio P\u00fablico do Paran\u00e1, por meio do N\u00facleo Regional de Curitiba do Grupo de Atua\u00e7\u00e3o Especial de Combate ao Crime Organizado (Gaeco), deflagrou nesta segunda-feira, 26 de maio, a Opera\u00e7\u00e3o Ru\u00edna, que investiga a pr\u00e1tica dos crimes de tr\u00e1fico de drogas e lavagem de capitais por um grupo que supostamente teria v\u00ednculos com fac\u00e7\u00e3o criminosa. Dentro da a\u00e7\u00e3o, s\u00e3o cumpridas medidas judiciais em 22 munic\u00edpios de tr\u00eas estados: Paran\u00e1, Santa Catarina e S\u00e3o Paulo.&nbsp;<\/p>\n\n\n\n<p>Est\u00e3o sendo cumpridos 16 mandados de pris\u00e3o tempor\u00e1ria, 66 de busca e apreens\u00e3o domiciliares e 52 de busca e apreens\u00e3o pessoal. Al\u00e9m disso, determinou-se o sequestro de cinco im\u00f3veis avaliados em R$ 8,7 milh\u00f5es, 12 ve\u00edculos com valor estimado em R$ 1,372 milh\u00e3o e R$ 3,7 milh\u00f5es em dinheiro.<\/p>\n\n\n\n<figure class=\"wp-block-image size-full\"><img loading=\"lazy\" decoding=\"async\" width=\"598\" height=\"204\" src=\"https:\/\/radiostudiow.com.br\/site\/wp-content\/uploads\/2025\/05\/BEAZY.jpg.png\" alt=\"\" class=\"wp-image-38197\" srcset=\"https:\/\/radiostudiow.com.br\/site\/wp-content\/uploads\/2025\/05\/BEAZY.jpg.png 598w, https:\/\/radiostudiow.com.br\/site\/wp-content\/uploads\/2025\/05\/BEAZY.jpg-300x102.png 300w\" sizes=\"auto, (max-width: 598px) 100vw, 598px\" \/><\/figure>\n\n\n\n<p>As ordens judiciais foram expedidas pelo Ju\u00edzo da Central de Garantias Especializada de Curitiba. O cumprimento dos mandados foi executado pelo Gaeco de Curitiba com o apoio da Pol\u00edcia Militar do Paran\u00e1 e dos n\u00facleos do Gaeco dos estados de Santa Catarina e S\u00e3o Paulo.<\/p>\n\n\n\n<p>Elas foram cumpridas nos seguintes munic\u00edpios: Curitiba, Ponta Grossa,\u00a0<strong>Rebou\u00e7as<\/strong>, Fazenda Rio Grande, Balsa Nova, Cianorte, Piraquara, Pinhais, Pontal do Paran\u00e1, Arauc\u00e1ria, Campo Magro, Maring\u00e1, S\u00e3o Jos\u00e9 dos Pinhais e Colombo, no Paran\u00e1; Meia Praia, em Santa Catarina; e em S\u00e3o Paulo (capital), S\u00e3o Caetano do Sul, Ara\u00e7atuba, Sud Menucci, Itapevi, Glic\u00e9rio e Birigui, em S\u00e3o Paulo.<a href=\"https:\/\/api.whatsapp.com\/send?text=MPPR%20deflagra%20opera%C3%A7%C3%A3o%20em%20Rebou%C3%A7as%20que%20investiga%20tr%C3%A1fico%20interestadual%20de%20drogas%20e%20lavagem%20de%20capitais%20-%20https:\/\/www.alvoradanoar.com.br\/noticia\/708894\" target=\"_blank\" rel=\"noreferrer noopener\"><\/a><\/p>\n\n\n\n<p>Com informa\u00e7\u00f5es da Minist\u00e9rio Publico.&nbsp;<\/p>\n","protected":false},"excerpt":{"rendered":"<p>O Minist\u00e9rio P\u00fablico do Paran\u00e1, por meio do N\u00facleo Regional de Curitiba do Grupo de Atua\u00e7\u00e3o Especial de Combate ao Crime Organizado (Gaeco), deflagrou nesta segunda-feira, 26 de maio, a Opera\u00e7\u00e3o Ru\u00edna, que investiga a pr\u00e1tica dos crimes de tr\u00e1fico de drogas e lavagem de capitais por um grupo que supostamente teria v\u00ednculos com fac\u00e7\u00e3o [&hellip;]<\/p>\n","protected":false},"author":2,"featured_media":38722,"comment_status":"open","ping_status":"open","sticky":false,"template":"","format":"standard","meta":{"footnotes":""},"categories":[2],"tags":[172],"class_list":["post-38721","post","type-post","status-publish","format-standard","has-post-thumbnail","hentry","category-policial","tag-featured"],"amp_enabled":true,"_links":{"self":[{"href":"https:\/\/radiostudiow.com.br\/site\/wp-json\/wp\/v2\/posts\/38721","targetHints":{"allow":["GET"]}}],"collection":[{"href":"https:\/\/radiostudiow.com.br\/site\/wp-json\/wp\/v2\/posts"}],"about":[{"href":"https:\/\/radiostudiow.com.br\/site\/wp-json\/wp\/v2\/types\/post"}],"author":[{"embeddable":true,"href":"https:\/\/radiostudiow.com.br\/site\/wp-json\/wp\/v2\/users\/2"}],"replies":[{"embeddable":true,"href":"https:\/\/radiostudiow.com.br\/site\/wp-json\/wp\/v2\/comments?post=38721"}],"version-history":[{"count":1,"href":"https:\/\/radiostudiow.com.br\/site\/wp-json\/wp\/v2\/posts\/38721\/revisions"}],"predecessor-version":[{"id":38723,"href":"https:\/\/radiostudiow.com.br\/site\/wp-json\/wp\/v2\/posts\/38721\/revisions\/38723"}],"wp:featuredmedia":[{"embeddable":true,"href":"https:\/\/radiostudiow.com.br\/site\/wp-json\/wp\/v2\/media\/38722"}],"wp:attachment":[{"href":"https:\/\/radiostudiow.com.br\/site\/wp-json\/wp\/v2\/media?parent=38721"}],"wp:term":[{"taxonomy":"category","embeddable":true,"href":"https:\/\/radiostudiow.com.br\/site\/wp-json\/wp\/v2\/categories?post=38721"},{"taxonomy":"post_tag","embeddable":true,"href":"https:\/\/radiostudiow.com.br\/site\/wp-json\/wp\/v2\/tags?post=38721"}],"curies":[{"name":"wp","href":"https:\/\/api.w.org\/{rel}","templated":true}]}}