{"id":38724,"date":"2025-05-26T18:12:32","date_gmt":"2025-05-26T21:12:32","guid":{"rendered":"https:\/\/radiostudiow.com.br\/site\/?p=38724"},"modified":"2025-05-26T18:12:32","modified_gmt":"2025-05-26T21:12:32","slug":"policia-militar-de-uniao-da-vitoria-prende-homem-por-trafico-de-dogras","status":"publish","type":"post","link":"https:\/\/radiostudiow.com.br\/site\/2025\/05\/26\/policia-militar-de-uniao-da-vitoria-prende-homem-por-trafico-de-dogras\/","title":{"rendered":"Pol\u00edcia Militar de Uni\u00e3o da Vit\u00f3ria prende homem por tr\u00e1fico de dogras"},"content":{"rendered":"\n<p>A equipe da Pol\u00edcia Militar de Uni\u00e3o da VIt\u00f3ria estava em patrulhamento motivado por den\u00fancia an\u00f4nima por volta das 17 horas desse s\u00e1bado, 24 de maio, no bairro Sagrada Fam\u00edlia onde os policiais abordaram um indiv\u00edduo com as caracter\u00edsticas repassadas.<\/p>\n\n\n\n<figure class=\"wp-block-image size-full\"><img loading=\"lazy\" decoding=\"async\" width=\"897\" height=\"204\" src=\"https:\/\/radiostudiow.com.br\/site\/wp-content\/uploads\/2025\/01\/SITE-GRANDE.png\" alt=\"\" class=\"wp-image-32809\" srcset=\"https:\/\/radiostudiow.com.br\/site\/wp-content\/uploads\/2025\/01\/SITE-GRANDE.png 897w, https:\/\/radiostudiow.com.br\/site\/wp-content\/uploads\/2025\/01\/SITE-GRANDE-300x68.png 300w, https:\/\/radiostudiow.com.br\/site\/wp-content\/uploads\/2025\/01\/SITE-GRANDE-768x175.png 768w\" sizes=\"auto, (max-width: 897px) 100vw, 897px\" \/><\/figure>\n\n\n\n<p>Durante a busca pessoal, foi localizado um inv\u00f3lucrocontendo subst\u00e2ncia an\u00e1loga \u00e0 coca\u00edna. Ao ser informado sobre a den\u00fancia, o indiv\u00edduo levou a equipe at\u00e9 sua resid\u00eancia, onde foram encontradas outras por\u00e7\u00f5es da mesma subst\u00e2ncia.<\/p>\n\n\n\n<p>Diante dos fatos, foi dada voz de pris\u00e3o ao suspeito, que foi encaminhado \u00e0 4\u00aa Subdivis\u00e3o Policial para os procedimentos cab\u00edveis.<\/p>\n","protected":false},"excerpt":{"rendered":"<p>A equipe da Pol\u00edcia Militar de Uni\u00e3o da VIt\u00f3ria estava em patrulhamento motivado por den\u00fancia an\u00f4nima por volta das 17 horas desse s\u00e1bado, 24 de maio, no bairro Sagrada Fam\u00edlia onde os policiais abordaram um indiv\u00edduo com as caracter\u00edsticas repassadas. Durante a busca pessoal, foi localizado um inv\u00f3lucrocontendo subst\u00e2ncia an\u00e1loga \u00e0 coca\u00edna. Ao ser informado [&hellip;]<\/p>\n","protected":false},"author":2,"featured_media":38725,"comment_status":"open","ping_status":"open","sticky":false,"template":"","format":"standard","meta":{"footnotes":""},"categories":[2],"tags":[172],"class_list":["post-38724","post","type-post","status-publish","format-standard","has-post-thumbnail","hentry","category-policial","tag-featured"],"amp_enabled":true,"_links":{"self":[{"href":"https:\/\/radiostudiow.com.br\/site\/wp-json\/wp\/v2\/posts\/38724","targetHints":{"allow":["GET"]}}],"collection":[{"href":"https:\/\/radiostudiow.com.br\/site\/wp-json\/wp\/v2\/posts"}],"about":[{"href":"https:\/\/radiostudiow.com.br\/site\/wp-json\/wp\/v2\/types\/post"}],"author":[{"embeddable":true,"href":"https:\/\/radiostudiow.com.br\/site\/wp-json\/wp\/v2\/users\/2"}],"replies":[{"embeddable":true,"href":"https:\/\/radiostudiow.com.br\/site\/wp-json\/wp\/v2\/comments?post=38724"}],"version-history":[{"count":1,"href":"https:\/\/radiostudiow.com.br\/site\/wp-json\/wp\/v2\/posts\/38724\/revisions"}],"predecessor-version":[{"id":38726,"href":"https:\/\/radiostudiow.com.br\/site\/wp-json\/wp\/v2\/posts\/38724\/revisions\/38726"}],"wp:featuredmedia":[{"embeddable":true,"href":"https:\/\/radiostudiow.com.br\/site\/wp-json\/wp\/v2\/media\/38725"}],"wp:attachment":[{"href":"https:\/\/radiostudiow.com.br\/site\/wp-json\/wp\/v2\/media?parent=38724"}],"wp:term":[{"taxonomy":"category","embeddable":true,"href":"https:\/\/radiostudiow.com.br\/site\/wp-json\/wp\/v2\/categories?post=38724"},{"taxonomy":"post_tag","embeddable":true,"href":"https:\/\/radiostudiow.com.br\/site\/wp-json\/wp\/v2\/tags?post=38724"}],"curies":[{"name":"wp","href":"https:\/\/api.w.org\/{rel}","templated":true}]}}