{"id":38738,"date":"2025-05-27T09:37:36","date_gmt":"2025-05-27T12:37:36","guid":{"rendered":"https:\/\/radiostudiow.com.br\/site\/?p=38738"},"modified":"2025-05-27T09:37:36","modified_gmt":"2025-05-27T12:37:36","slug":"policia-militar-de-uniao-da-vitoria-prende-homem-por-mandado-de-prisao","status":"publish","type":"post","link":"https:\/\/radiostudiow.com.br\/site\/2025\/05\/27\/policia-militar-de-uniao-da-vitoria-prende-homem-por-mandado-de-prisao\/","title":{"rendered":"Pol\u00edcia Militar de Uni\u00e3o da Vit\u00f3ria prende homem por mandado de pris\u00e3o"},"content":{"rendered":"\n<figure class=\"wp-block-image size-full\"><img loading=\"lazy\" decoding=\"async\" width=\"598\" height=\"204\" src=\"https:\/\/radiostudiow.com.br\/site\/wp-content\/uploads\/2025\/05\/POLAK.png\" alt=\"\" class=\"wp-image-37847\" srcset=\"https:\/\/radiostudiow.com.br\/site\/wp-content\/uploads\/2025\/05\/POLAK.png 598w, https:\/\/radiostudiow.com.br\/site\/wp-content\/uploads\/2025\/05\/POLAK-300x102.png 300w\" sizes=\"auto, (max-width: 598px) 100vw, 598px\" \/><\/figure>\n\n\n\n<p>A equipe da Pol\u00edcia Militar de Uni\u00e3o da Vit\u00f3ria prendeu um homem durante patrulhamento preventivo no bairro Limeira por volta das 18h15min dessa segunda-feira (26).<\/p>\n\n\n\n<p>A equipe policial identificou e abordou um indiv\u00edduo com mandado de pris\u00e3o em aberto. O suspeito apresentou comportamento evasivo, o que motivou a abordagem.<\/p>\n\n\n\n<p>Ap\u00f3s consulta aos sistemas, confirmou-se a ordem judicial vigente. Nenhum item il\u00edcito foi encontrado. O detido foi encaminhado ao Departamento Penitenci\u00e1rio para as provid\u00eancias legais.<\/p>\n","protected":false},"excerpt":{"rendered":"<p>A equipe da Pol\u00edcia Militar de Uni\u00e3o da Vit\u00f3ria prendeu um homem durante patrulhamento preventivo no bairro Limeira por volta das 18h15min dessa segunda-feira (26). A equipe policial identificou e abordou um indiv\u00edduo com mandado de pris\u00e3o em aberto. O suspeito apresentou comportamento evasivo, o que motivou a abordagem. Ap\u00f3s consulta aos sistemas, confirmou-se a [&hellip;]<\/p>\n","protected":false},"author":2,"featured_media":15416,"comment_status":"open","ping_status":"open","sticky":false,"template":"","format":"standard","meta":{"footnotes":""},"categories":[2],"tags":[172],"class_list":["post-38738","post","type-post","status-publish","format-standard","has-post-thumbnail","hentry","category-policial","tag-featured"],"amp_enabled":true,"_links":{"self":[{"href":"https:\/\/radiostudiow.com.br\/site\/wp-json\/wp\/v2\/posts\/38738","targetHints":{"allow":["GET"]}}],"collection":[{"href":"https:\/\/radiostudiow.com.br\/site\/wp-json\/wp\/v2\/posts"}],"about":[{"href":"https:\/\/radiostudiow.com.br\/site\/wp-json\/wp\/v2\/types\/post"}],"author":[{"embeddable":true,"href":"https:\/\/radiostudiow.com.br\/site\/wp-json\/wp\/v2\/users\/2"}],"replies":[{"embeddable":true,"href":"https:\/\/radiostudiow.com.br\/site\/wp-json\/wp\/v2\/comments?post=38738"}],"version-history":[{"count":1,"href":"https:\/\/radiostudiow.com.br\/site\/wp-json\/wp\/v2\/posts\/38738\/revisions"}],"predecessor-version":[{"id":38739,"href":"https:\/\/radiostudiow.com.br\/site\/wp-json\/wp\/v2\/posts\/38738\/revisions\/38739"}],"wp:featuredmedia":[{"embeddable":true,"href":"https:\/\/radiostudiow.com.br\/site\/wp-json\/wp\/v2\/media\/15416"}],"wp:attachment":[{"href":"https:\/\/radiostudiow.com.br\/site\/wp-json\/wp\/v2\/media?parent=38738"}],"wp:term":[{"taxonomy":"category","embeddable":true,"href":"https:\/\/radiostudiow.com.br\/site\/wp-json\/wp\/v2\/categories?post=38738"},{"taxonomy":"post_tag","embeddable":true,"href":"https:\/\/radiostudiow.com.br\/site\/wp-json\/wp\/v2\/tags?post=38738"}],"curies":[{"name":"wp","href":"https:\/\/api.w.org\/{rel}","templated":true}]}}