{"id":38740,"date":"2025-05-27T09:43:16","date_gmt":"2025-05-27T12:43:16","guid":{"rendered":"https:\/\/radiostudiow.com.br\/site\/?p=38740"},"modified":"2025-05-27T09:43:16","modified_gmt":"2025-05-27T12:43:16","slug":"policia-militar-de-general-carneiro-apreendeu-revolver-apos-denuncia-de-venda-ilegal-de-armas-suspeito-fugiu","status":"publish","type":"post","link":"https:\/\/radiostudiow.com.br\/site\/2025\/05\/27\/policia-militar-de-general-carneiro-apreendeu-revolver-apos-denuncia-de-venda-ilegal-de-armas-suspeito-fugiu\/","title":{"rendered":"Pol\u00edcia Militar de General Carneiro apreendeu rev\u00f3lver ap\u00f3s den\u00fancia de venda ilegal de armas; Suspeito fugiu"},"content":{"rendered":"\n<figure class=\"wp-block-image size-full\"><img loading=\"lazy\" decoding=\"async\" width=\"300\" height=\"180\" src=\"https:\/\/radiostudiow.com.br\/site\/wp-content\/uploads\/2025\/05\/VANE.png\" alt=\"\" class=\"wp-image-38014\"\/><\/figure>\n\n\n\n<p>A equipe da Pol\u00edcia Militar de General Carneiro recebeu den\u00fancia an\u00f4nima sobre a comercializa\u00e7\u00e3o ilegal de armas de fogo a localidade Horizonte  por volta das 15 horas dessa segunda-feira (26).<\/p>\n\n\n\n<p>Durante patrulhamento, um suspeito com as caracter\u00edsticas informadas foi avistado e tentou fugir, entrando em uma resid\u00eancia. A guarni\u00e7\u00e3o entrou no local e encontrou um rev\u00f3lver calibre 32 carregado sobre uma mesa.<\/p>\n\n\n\n<figure class=\"wp-block-image size-full\"><img loading=\"lazy\" decoding=\"async\" width=\"897\" height=\"204\" src=\"https:\/\/radiostudiow.com.br\/site\/wp-content\/uploads\/2025\/05\/NUTRI-MALLET.png\" alt=\"\" class=\"wp-image-37813\" srcset=\"https:\/\/radiostudiow.com.br\/site\/wp-content\/uploads\/2025\/05\/NUTRI-MALLET.png 897w, https:\/\/radiostudiow.com.br\/site\/wp-content\/uploads\/2025\/05\/NUTRI-MALLET-300x68.png 300w, https:\/\/radiostudiow.com.br\/site\/wp-content\/uploads\/2025\/05\/NUTRI-MALLET-768x175.png 768w\" sizes=\"auto, (max-width: 897px) 100vw, 897px\" \/><\/figure>\n\n\n\n<p>O indiv\u00edduo conseguiu escapar pelos fundos da casa.<\/p>\n\n\n\n<p>No interior da resid\u00eancia, uma mulher afirmou ser parente do suspeito e confirmou que a arma era dele. Ela foi conduzida \u00e0 delegacia para prestar esclarecimentos.<\/p>\n\n\n\n<p>A Pol\u00edcia segue investigando o caso e refor\u00e7a o compromisso com o combate ao com\u00e9rcio ilegal de armamentos.<\/p>\n","protected":false},"excerpt":{"rendered":"<p>A equipe da Pol\u00edcia Militar de General Carneiro recebeu den\u00fancia an\u00f4nima sobre a comercializa\u00e7\u00e3o ilegal de armas de fogo a localidade Horizonte por volta das 15 horas dessa segunda-feira (26). Durante patrulhamento, um suspeito com as caracter\u00edsticas informadas foi avistado e tentou fugir, entrando em uma resid\u00eancia. A guarni\u00e7\u00e3o entrou no local e encontrou um [&hellip;]<\/p>\n","protected":false},"author":2,"featured_media":38741,"comment_status":"open","ping_status":"open","sticky":false,"template":"","format":"standard","meta":{"footnotes":""},"categories":[2],"tags":[172],"class_list":["post-38740","post","type-post","status-publish","format-standard","has-post-thumbnail","hentry","category-policial","tag-featured"],"amp_enabled":true,"_links":{"self":[{"href":"https:\/\/radiostudiow.com.br\/site\/wp-json\/wp\/v2\/posts\/38740","targetHints":{"allow":["GET"]}}],"collection":[{"href":"https:\/\/radiostudiow.com.br\/site\/wp-json\/wp\/v2\/posts"}],"about":[{"href":"https:\/\/radiostudiow.com.br\/site\/wp-json\/wp\/v2\/types\/post"}],"author":[{"embeddable":true,"href":"https:\/\/radiostudiow.com.br\/site\/wp-json\/wp\/v2\/users\/2"}],"replies":[{"embeddable":true,"href":"https:\/\/radiostudiow.com.br\/site\/wp-json\/wp\/v2\/comments?post=38740"}],"version-history":[{"count":1,"href":"https:\/\/radiostudiow.com.br\/site\/wp-json\/wp\/v2\/posts\/38740\/revisions"}],"predecessor-version":[{"id":38742,"href":"https:\/\/radiostudiow.com.br\/site\/wp-json\/wp\/v2\/posts\/38740\/revisions\/38742"}],"wp:featuredmedia":[{"embeddable":true,"href":"https:\/\/radiostudiow.com.br\/site\/wp-json\/wp\/v2\/media\/38741"}],"wp:attachment":[{"href":"https:\/\/radiostudiow.com.br\/site\/wp-json\/wp\/v2\/media?parent=38740"}],"wp:term":[{"taxonomy":"category","embeddable":true,"href":"https:\/\/radiostudiow.com.br\/site\/wp-json\/wp\/v2\/categories?post=38740"},{"taxonomy":"post_tag","embeddable":true,"href":"https:\/\/radiostudiow.com.br\/site\/wp-json\/wp\/v2\/tags?post=38740"}],"curies":[{"name":"wp","href":"https:\/\/api.w.org\/{rel}","templated":true}]}}