{"id":38744,"date":"2025-05-27T11:30:55","date_gmt":"2025-05-27T14:30:55","guid":{"rendered":"https:\/\/radiostudiow.com.br\/site\/?p=38744"},"modified":"2025-05-27T11:30:56","modified_gmt":"2025-05-27T14:30:56","slug":"mulher-e-agredida-durante-assalto-em-uniao-da-vitoria","status":"publish","type":"post","link":"https:\/\/radiostudiow.com.br\/site\/2025\/05\/27\/mulher-e-agredida-durante-assalto-em-uniao-da-vitoria\/","title":{"rendered":"Mulher \u00e9 agredida durante assalto em Uni\u00e3o da Vit\u00f3ria"},"content":{"rendered":"\n<figure class=\"wp-block-image size-full\"><img loading=\"lazy\" decoding=\"async\" width=\"598\" height=\"204\" src=\"https:\/\/radiostudiow.com.br\/site\/wp-content\/uploads\/2025\/01\/SITE-MEDIO3.png\" alt=\"\" class=\"wp-image-32815\" srcset=\"https:\/\/radiostudiow.com.br\/site\/wp-content\/uploads\/2025\/01\/SITE-MEDIO3.png 598w, https:\/\/radiostudiow.com.br\/site\/wp-content\/uploads\/2025\/01\/SITE-MEDIO3-300x102.png 300w\" sizes=\"auto, (max-width: 598px) 100vw, 598px\" \/><\/figure>\n\n\n\n<p>O\u00a0Corpo de Bombeiros de Uni\u00e3o da Vit\u00f3ria\u00a0atendeu, por volta das\u00a05 horas da manh\u00e3 desta ter\u00e7a-feira, 27 de maio, uma mulher de\u00a048 anos\u00a0v\u00edtima de agress\u00e3o durante um\u00a0assalto\u00a0na\u00a0Rua Teixeira Soares no centro<\/p>\n\n\n\n<p>Segundo o relato da v\u00edtima, ela foi abordada e agredida durante a a\u00e7\u00e3o criminosa. Ap\u00f3s o ocorrido, conseguiu buscar ajuda.<\/p>\n\n\n\n<p>A mulher apresentava\u00a0ferimentos moderados\u00a0e\u00a0relatava fortes dores em um dos bra\u00e7os, sendo prontamente atendida pelos socorristas e encaminhada para avalia\u00e7\u00e3o m\u00e9dica.<\/p>\n\n\n\n<figure class=\"wp-block-image size-large is-resized\"><img loading=\"lazy\" decoding=\"async\" width=\"1024\" height=\"614\" src=\"https:\/\/radiostudiow.com.br\/site\/wp-content\/uploads\/2025\/05\/AVENIDA-BIKE-1-1024x614.png\" alt=\"\" class=\"wp-image-38717\" style=\"width:361px;height:auto\" srcset=\"https:\/\/radiostudiow.com.br\/site\/wp-content\/uploads\/2025\/05\/AVENIDA-BIKE-1-1024x614.png 1024w, https:\/\/radiostudiow.com.br\/site\/wp-content\/uploads\/2025\/05\/AVENIDA-BIKE-1-300x180.png 300w, https:\/\/radiostudiow.com.br\/site\/wp-content\/uploads\/2025\/05\/AVENIDA-BIKE-1-768x461.png 768w, https:\/\/radiostudiow.com.br\/site\/wp-content\/uploads\/2025\/05\/AVENIDA-BIKE-1-1536x921.png 1536w, https:\/\/radiostudiow.com.br\/site\/wp-content\/uploads\/2025\/05\/AVENIDA-BIKE-1-1000x600.png 1000w, https:\/\/radiostudiow.com.br\/site\/wp-content\/uploads\/2025\/05\/AVENIDA-BIKE-1.png 1672w\" sizes=\"auto, (max-width: 1024px) 100vw, 1024px\" \/><\/figure>\n\n\n\n<p>A equipe da\u00a0Pol\u00edcia Militar de Uni\u00e3o da Vit\u00f3ria relatou que uma equipe foi acionada no\u00a0hospital\u00a0para atender a uma ocorr\u00eancia de\u00a0tentativa de roubo.<\/p>\n\n\n\n<p>No local, a\u00a0v\u00edtima relatou ter sido alvo da a\u00e7\u00e3o criminosa, sofrendo\u00a0algumas les\u00f5es pelo corpo\u00a0durante o ocorrido. Um\u00a0Boletim de Ocorr\u00eancia\u00a0foi registrado.<\/p>\n","protected":false},"excerpt":{"rendered":"<p>O\u00a0Corpo de Bombeiros de Uni\u00e3o da Vit\u00f3ria\u00a0atendeu, por volta das\u00a05 horas da manh\u00e3 desta ter\u00e7a-feira, 27 de maio, uma mulher de\u00a048 anos\u00a0v\u00edtima de agress\u00e3o durante um\u00a0assalto\u00a0na\u00a0Rua Teixeira Soares no centro Segundo o relato da v\u00edtima, ela foi abordada e agredida durante a a\u00e7\u00e3o criminosa. Ap\u00f3s o ocorrido, conseguiu buscar ajuda. A mulher apresentava\u00a0ferimentos moderados\u00a0e\u00a0relatava fortes [&hellip;]<\/p>\n","protected":false},"author":2,"featured_media":18052,"comment_status":"open","ping_status":"open","sticky":false,"template":"","format":"standard","meta":{"footnotes":""},"categories":[2],"tags":[172],"class_list":["post-38744","post","type-post","status-publish","format-standard","has-post-thumbnail","hentry","category-policial","tag-featured"],"amp_enabled":true,"_links":{"self":[{"href":"https:\/\/radiostudiow.com.br\/site\/wp-json\/wp\/v2\/posts\/38744","targetHints":{"allow":["GET"]}}],"collection":[{"href":"https:\/\/radiostudiow.com.br\/site\/wp-json\/wp\/v2\/posts"}],"about":[{"href":"https:\/\/radiostudiow.com.br\/site\/wp-json\/wp\/v2\/types\/post"}],"author":[{"embeddable":true,"href":"https:\/\/radiostudiow.com.br\/site\/wp-json\/wp\/v2\/users\/2"}],"replies":[{"embeddable":true,"href":"https:\/\/radiostudiow.com.br\/site\/wp-json\/wp\/v2\/comments?post=38744"}],"version-history":[{"count":1,"href":"https:\/\/radiostudiow.com.br\/site\/wp-json\/wp\/v2\/posts\/38744\/revisions"}],"predecessor-version":[{"id":38745,"href":"https:\/\/radiostudiow.com.br\/site\/wp-json\/wp\/v2\/posts\/38744\/revisions\/38745"}],"wp:featuredmedia":[{"embeddable":true,"href":"https:\/\/radiostudiow.com.br\/site\/wp-json\/wp\/v2\/media\/18052"}],"wp:attachment":[{"href":"https:\/\/radiostudiow.com.br\/site\/wp-json\/wp\/v2\/media?parent=38744"}],"wp:term":[{"taxonomy":"category","embeddable":true,"href":"https:\/\/radiostudiow.com.br\/site\/wp-json\/wp\/v2\/categories?post=38744"},{"taxonomy":"post_tag","embeddable":true,"href":"https:\/\/radiostudiow.com.br\/site\/wp-json\/wp\/v2\/tags?post=38744"}],"curies":[{"name":"wp","href":"https:\/\/api.w.org\/{rel}","templated":true}]}}