{"id":38746,"date":"2025-05-27T11:38:26","date_gmt":"2025-05-27T14:38:26","guid":{"rendered":"https:\/\/radiostudiow.com.br\/site\/?p=38746"},"modified":"2025-05-27T11:38:27","modified_gmt":"2025-05-27T14:38:27","slug":"governo-anuncia-mudancas-na-secretaria-de-justica-e-cidadania-e-detran-pr","status":"publish","type":"post","link":"https:\/\/radiostudiow.com.br\/site\/2025\/05\/27\/governo-anuncia-mudancas-na-secretaria-de-justica-e-cidadania-e-detran-pr\/","title":{"rendered":"Governo anuncia mudan\u00e7as na Secretaria de Justi\u00e7a e Cidadania e Detran\/PR"},"content":{"rendered":"\n<p>O Governo do Paran\u00e1 promoveu duas mudan\u00e7as pontuais no comando da Secretaria da Justi\u00e7a e Cidadania (Seju) e no Departamento de Tr\u00e2nsito do Paran\u00e1 (Detran\/PR). Valdemar Bernardo Jorge, ex-secret\u00e1rio estadual de Planejamento e de Desenvolvimento Sustent\u00e1vel, assumir\u00e1 a Seju, enquanto que Santin Roveda, atual secret\u00e1rio da pasta, ser\u00e1 diretor-presidente da autarquia de tr\u00e2nsito. As nomea\u00e7\u00f5es j\u00e1 foram publicadas no Di\u00e1rio Oficial.<\/p>\n\n\n\n<p>Valdemar Bernardo Jorge retorna ao primeiro escal\u00e3o do governo ap\u00f3s passar pelas secretarias do Planejamento, entre 2019 e 2022, e pelo Desenvolvimento Sustent\u00e1vel, entre 2023 e 2024. Advogado e mestre em Direito Econ\u00f4mico e Social pela PUC-PR, Bernardo Jorge tem p\u00f3s-gradua\u00e7\u00e3o em Direito Empresarial e Direito Tribut\u00e1rio pela mesma institui\u00e7\u00e3o, al\u00e9m de ser formado em Inform\u00e1tica pela Universidade Federal do Paran\u00e1 (UFPR).<\/p>\n\n\n\n<figure class=\"wp-block-image size-full\"><img loading=\"lazy\" decoding=\"async\" width=\"598\" height=\"204\" src=\"https:\/\/radiostudiow.com.br\/site\/wp-content\/uploads\/2025\/04\/BOROX.png\" alt=\"\" class=\"wp-image-37229\" srcset=\"https:\/\/radiostudiow.com.br\/site\/wp-content\/uploads\/2025\/04\/BOROX.png 598w, https:\/\/radiostudiow.com.br\/site\/wp-content\/uploads\/2025\/04\/BOROX-300x102.png 300w\" sizes=\"auto, (max-width: 598px) 100vw, 598px\" \/><\/figure>\n\n\n\n<p>Na Seju, ser\u00e1 respons\u00e1vel pela rede dos Centros de Socioeduca\u00e7\u00e3o e Casas de Semiliberdade (Censes) para jovens em conflito com a lei; a prote\u00e7\u00e3o, defesa, educa\u00e7\u00e3o e orienta\u00e7\u00e3o ao consumidor, por meio do Procon\/PR; a preven\u00e7\u00e3o, repress\u00e3o e fiscaliza\u00e7\u00e3o do uso de entorpecentes; entre outros. Tamb\u00e9m ficar\u00e1 a cargo da execu\u00e7\u00e3o do&nbsp;<a href=\"https:\/\/www.aen.pr.gov.br\/Noticia\/Bebe-ID-Parana-amplia-projeto-de-biometria-neonatal-para-todas-maternidades-publicas\" target=\"_blank\" rel=\"noreferrer noopener\">programa Beb\u00ea ID<\/a>, de biometria neonatal, que visa garantir a identidade civil desde o nascimento, prevenir o sub-registro e ampliar o acesso \u00e0 cidadania e \u00e0 prote\u00e7\u00e3o social.<\/p>\n\n\n\n<p>A pasta tem como objetivo a garantia de direitos, o di\u00e1logo com o Poder Judici\u00e1rio, o Minist\u00e9rio P\u00fablico, a Defensoria P\u00fablica e a Ordem dos Advogados do Brasil (OAB). Tamb\u00e9m vai coordenar, em parceria com a Secretaria de Seguran\u00e7a P\u00fablica (Sesp), a\u00e7\u00f5es de enfrentamento \u00e0s viola\u00e7\u00f5es de direitos.<\/p>\n\n\n\n<figure class=\"wp-block-image size-full\"><img loading=\"lazy\" decoding=\"async\" width=\"598\" height=\"204\" src=\"https:\/\/radiostudiow.com.br\/site\/wp-content\/uploads\/2025\/05\/POLAK.png\" alt=\"\" class=\"wp-image-37847\" srcset=\"https:\/\/radiostudiow.com.br\/site\/wp-content\/uploads\/2025\/05\/POLAK.png 598w, https:\/\/radiostudiow.com.br\/site\/wp-content\/uploads\/2025\/05\/POLAK-300x102.png 300w\" sizes=\"auto, (max-width: 598px) 100vw, 598px\" \/><\/figure>\n\n\n\n<p><strong>DETRAN&nbsp;<\/strong>\u2013 Natural de Uni\u00e3o da Vit\u00f3ria, no Sul do Estado, onde foi prefeito de 2017 a 2020, Santin Roveda foi candidato a deputado estadual em 2014 e, em 2022, ficou com a segunda supl\u00eancia de uma das cadeiras da C\u00e2mara dos Deputados. Assumiu a Seju em 2023, onde permaneceu at\u00e9 maio de 2025. \u00c9 empres\u00e1rio, filho do ex-deputado federal Airton Roveda, casado e pai de um filho.<\/p>\n\n\n\n<p>No Detran\/PR, Roveda ser\u00e1 respons\u00e1vel por manter e ampliar os servi\u00e7os digitalizados dispon\u00edveis ao cidad\u00e3o; realiza\u00e7\u00e3o de leil\u00e3o de ve\u00edculos e a\u00e7\u00f5es educativas no tr\u00e2nsito; acompanhamento da concess\u00e3o dos p\u00e1tios veiculares; elabora\u00e7\u00e3o do Plano Estadual de Seguran\u00e7a no Tr\u00e2nsito para o Estado do Paran\u00e1 (Petrans\/PR); e ajudar\u00e1 a planejar e supervisionar a implanta\u00e7\u00e3o da sinaliza\u00e7\u00e3o luminosa e gr\u00e1fica de vias; entre outros. Adriano Furtado, que ficou \u00e0 frente do Detran\/PR de maio de 2022 a maio deste ano, assumir\u00e1 uma diretoria na autarquia.<\/p>\n\n\n\n<p><strong><em>Com informa\u00e7\u00f5es Portal RDX \/ AEN<\/em><\/strong><\/p>\n","protected":false},"excerpt":{"rendered":"<p>O Governo do Paran\u00e1 promoveu duas mudan\u00e7as pontuais no comando da Secretaria da Justi\u00e7a e Cidadania (Seju) e no Departamento de Tr\u00e2nsito do Paran\u00e1 (Detran\/PR). Valdemar Bernardo Jorge, ex-secret\u00e1rio estadual de Planejamento e de Desenvolvimento Sustent\u00e1vel, assumir\u00e1 a Seju, enquanto que Santin Roveda, atual secret\u00e1rio da pasta, ser\u00e1 diretor-presidente da autarquia de tr\u00e2nsito. As nomea\u00e7\u00f5es [&hellip;]<\/p>\n","protected":false},"author":2,"featured_media":38747,"comment_status":"open","ping_status":"open","sticky":false,"template":"","format":"standard","meta":{"footnotes":""},"categories":[7],"tags":[172],"class_list":["post-38746","post","type-post","status-publish","format-standard","has-post-thumbnail","hentry","category-geral","tag-featured"],"amp_enabled":true,"_links":{"self":[{"href":"https:\/\/radiostudiow.com.br\/site\/wp-json\/wp\/v2\/posts\/38746","targetHints":{"allow":["GET"]}}],"collection":[{"href":"https:\/\/radiostudiow.com.br\/site\/wp-json\/wp\/v2\/posts"}],"about":[{"href":"https:\/\/radiostudiow.com.br\/site\/wp-json\/wp\/v2\/types\/post"}],"author":[{"embeddable":true,"href":"https:\/\/radiostudiow.com.br\/site\/wp-json\/wp\/v2\/users\/2"}],"replies":[{"embeddable":true,"href":"https:\/\/radiostudiow.com.br\/site\/wp-json\/wp\/v2\/comments?post=38746"}],"version-history":[{"count":1,"href":"https:\/\/radiostudiow.com.br\/site\/wp-json\/wp\/v2\/posts\/38746\/revisions"}],"predecessor-version":[{"id":38748,"href":"https:\/\/radiostudiow.com.br\/site\/wp-json\/wp\/v2\/posts\/38746\/revisions\/38748"}],"wp:featuredmedia":[{"embeddable":true,"href":"https:\/\/radiostudiow.com.br\/site\/wp-json\/wp\/v2\/media\/38747"}],"wp:attachment":[{"href":"https:\/\/radiostudiow.com.br\/site\/wp-json\/wp\/v2\/media?parent=38746"}],"wp:term":[{"taxonomy":"category","embeddable":true,"href":"https:\/\/radiostudiow.com.br\/site\/wp-json\/wp\/v2\/categories?post=38746"},{"taxonomy":"post_tag","embeddable":true,"href":"https:\/\/radiostudiow.com.br\/site\/wp-json\/wp\/v2\/tags?post=38746"}],"curies":[{"name":"wp","href":"https:\/\/api.w.org\/{rel}","templated":true}]}}