{"id":38749,"date":"2025-05-27T11:42:01","date_gmt":"2025-05-27T14:42:01","guid":{"rendered":"https:\/\/radiostudiow.com.br\/site\/?p=38749"},"modified":"2025-05-27T11:42:22","modified_gmt":"2025-05-27T14:42:22","slug":"homem-de-43-anos-e-atropelado-por-van-em-sao-mateus-do-sul","status":"publish","type":"post","link":"https:\/\/radiostudiow.com.br\/site\/2025\/05\/27\/homem-de-43-anos-e-atropelado-por-van-em-sao-mateus-do-sul\/","title":{"rendered":"Homem de 43 anos \u00e9 atropelado por van na BR-476 em S\u00e3o Mateus do Sul"},"content":{"rendered":"\n<figure class=\"wp-block-image size-full\"><img loading=\"lazy\" decoding=\"async\" width=\"598\" height=\"204\" src=\"https:\/\/radiostudiow.com.br\/site\/wp-content\/uploads\/2025\/05\/BEAZY.jpg.png\" alt=\"\" class=\"wp-image-38197\" srcset=\"https:\/\/radiostudiow.com.br\/site\/wp-content\/uploads\/2025\/05\/BEAZY.jpg.png 598w, https:\/\/radiostudiow.com.br\/site\/wp-content\/uploads\/2025\/05\/BEAZY.jpg-300x102.png 300w\" sizes=\"auto, (max-width: 598px) 100vw, 598px\" \/><\/figure>\n\n\n\n<p>Equipes do Corpo de Bombeiros, Pol\u00edcia Militar, BPEC se mobilizaram ap\u00f3s um homem de 43 anos foi atropelado por uma van Fiat Ducato na BR-476, km 303, em S\u00e3o Mateus do Sul na noite de segunda-feira (26).<\/p>\n\n\n\n<p>A v\u00edtima encontrava-se deitada no meio da via, apresentando escoria\u00e7\u00f5es e contus\u00f5es na face, al\u00e9m de ferimentos no cr\u00e2nio e no bra\u00e7o esquerdo. Foi identificada uma poss\u00edvel fratura no \u00famero. Durante o atendimento, os socorristas tamb\u00e9m constataram h\u00e1lito et\u00edlico no homem.<\/p>\n\n\n\n<figure class=\"wp-block-image size-large\"><img loading=\"lazy\" decoding=\"async\" width=\"1024\" height=\"143\" src=\"https:\/\/radiostudiow.com.br\/site\/wp-content\/uploads\/2025\/05\/BOMBEIROS-1024x143.png\" alt=\"\" class=\"wp-image-38231\" srcset=\"https:\/\/radiostudiow.com.br\/site\/wp-content\/uploads\/2025\/05\/BOMBEIROS-1024x143.png 1024w, https:\/\/radiostudiow.com.br\/site\/wp-content\/uploads\/2025\/05\/BOMBEIROS-300x42.png 300w, https:\/\/radiostudiow.com.br\/site\/wp-content\/uploads\/2025\/05\/BOMBEIROS-768x108.png 768w, https:\/\/radiostudiow.com.br\/site\/wp-content\/uploads\/2025\/05\/BOMBEIROS-1536x215.png 1536w, https:\/\/radiostudiow.com.br\/site\/wp-content\/uploads\/2025\/05\/BOMBEIROS.png 1920w\" sizes=\"auto, (max-width: 1024px) 100vw, 1024px\" \/><\/figure>\n\n\n\n<p>A v\u00edtima foi imobilizada conforme os protocolos de primeiros socorros e encaminhada ao Pronto Atendimento Municipal para avalia\u00e7\u00e3o m\u00e9dica. A Fiat Ducato envolvida no acidente transportava cinco passageiros, todos ilesos. Eles recusaram atendimento m\u00e9dico no local.<\/p>\n\n\n\n<p>A Pol\u00edcia Militar, por meio de uma viatura do Batalh\u00e3o de Pol\u00edcia de Choque (BPEC), prestou apoio \u00e0 ocorr\u00eancia e realizou a sinaliza\u00e7\u00e3o do tr\u00e2nsito para garantir a seguran\u00e7a da via. As causas do atropelamento ainda ser\u00e3o investigadas.<\/p>\n\n\n\n<p><\/p>\n","protected":false},"excerpt":{"rendered":"<p>Equipes do Corpo de Bombeiros, Pol\u00edcia Militar, BPEC se mobilizaram ap\u00f3s um homem de 43 anos foi atropelado por uma van Fiat Ducato na BR-476, km 303, em S\u00e3o Mateus do Sul na noite de segunda-feira (26). A v\u00edtima encontrava-se deitada no meio da via, apresentando escoria\u00e7\u00f5es e contus\u00f5es na face, al\u00e9m de ferimentos no [&hellip;]<\/p>\n","protected":false},"author":2,"featured_media":10918,"comment_status":"open","ping_status":"open","sticky":false,"template":"","format":"standard","meta":{"footnotes":""},"categories":[185],"tags":[172],"class_list":["post-38749","post","type-post","status-publish","format-standard","has-post-thumbnail","hentry","category-regional","tag-featured"],"amp_enabled":true,"_links":{"self":[{"href":"https:\/\/radiostudiow.com.br\/site\/wp-json\/wp\/v2\/posts\/38749","targetHints":{"allow":["GET"]}}],"collection":[{"href":"https:\/\/radiostudiow.com.br\/site\/wp-json\/wp\/v2\/posts"}],"about":[{"href":"https:\/\/radiostudiow.com.br\/site\/wp-json\/wp\/v2\/types\/post"}],"author":[{"embeddable":true,"href":"https:\/\/radiostudiow.com.br\/site\/wp-json\/wp\/v2\/users\/2"}],"replies":[{"embeddable":true,"href":"https:\/\/radiostudiow.com.br\/site\/wp-json\/wp\/v2\/comments?post=38749"}],"version-history":[{"count":2,"href":"https:\/\/radiostudiow.com.br\/site\/wp-json\/wp\/v2\/posts\/38749\/revisions"}],"predecessor-version":[{"id":38751,"href":"https:\/\/radiostudiow.com.br\/site\/wp-json\/wp\/v2\/posts\/38749\/revisions\/38751"}],"wp:featuredmedia":[{"embeddable":true,"href":"https:\/\/radiostudiow.com.br\/site\/wp-json\/wp\/v2\/media\/10918"}],"wp:attachment":[{"href":"https:\/\/radiostudiow.com.br\/site\/wp-json\/wp\/v2\/media?parent=38749"}],"wp:term":[{"taxonomy":"category","embeddable":true,"href":"https:\/\/radiostudiow.com.br\/site\/wp-json\/wp\/v2\/categories?post=38749"},{"taxonomy":"post_tag","embeddable":true,"href":"https:\/\/radiostudiow.com.br\/site\/wp-json\/wp\/v2\/tags?post=38749"}],"curies":[{"name":"wp","href":"https:\/\/api.w.org\/{rel}","templated":true}]}}