{"id":38752,"date":"2025-05-27T11:49:28","date_gmt":"2025-05-27T14:49:28","guid":{"rendered":"https:\/\/radiostudiow.com.br\/site\/?p=38752"},"modified":"2025-05-27T11:53:08","modified_gmt":"2025-05-27T14:53:08","slug":"prf-apreende-quase-duas-toneladas-de-maconha-escondidas-em-carga-de-papel-em-sao-mateus-do-sul","status":"publish","type":"post","link":"https:\/\/radiostudiow.com.br\/site\/2025\/05\/27\/prf-apreende-quase-duas-toneladas-de-maconha-escondidas-em-carga-de-papel-em-sao-mateus-do-sul\/","title":{"rendered":"PRF apreende quase duas toneladas de maconha escondidas na carga de papel recicl\u00e1vel em S\u00e3o Mateus do Sul"},"content":{"rendered":"\n<figure class=\"wp-block-image size-full\"><img loading=\"lazy\" decoding=\"async\" width=\"897\" height=\"204\" src=\"https:\/\/radiostudiow.com.br\/site\/wp-content\/uploads\/2025\/01\/SITE-GRANDE3.png\" alt=\"\" class=\"wp-image-32900\" srcset=\"https:\/\/radiostudiow.com.br\/site\/wp-content\/uploads\/2025\/01\/SITE-GRANDE3.png 897w, https:\/\/radiostudiow.com.br\/site\/wp-content\/uploads\/2025\/01\/SITE-GRANDE3-300x68.png 300w, https:\/\/radiostudiow.com.br\/site\/wp-content\/uploads\/2025\/01\/SITE-GRANDE3-768x175.png 768w\" sizes=\"auto, (max-width: 897px) 100vw, 897px\" \/><\/figure>\n\n\n\n<p>A equipe da Pol\u00edcia Rodovi\u00e1ria Federal (PRF) apreendeu 1.975,8 quilos de maconha na BR-476, em S\u00e3o Mateus do Sul  na noite de segunda-feira (26).<\/p>\n\n\n\n<p>A droga estava escondida sob uma carga de papel recicl\u00e1vel transportada por um caminh\u00e3o que saiu de Dourados (MS) com destino a Curitiba (PR).<\/p>\n\n\n\n<p>A equipe da PRF realizava ronda quando recebeu pedido de apoio de outra unidade para abordar e fiscalizar um caminh\u00e3o, de cor vermelha, que estava estacionado em um posto de combust\u00edveis na mesma rodovia.<\/p>\n\n\n\n<figure class=\"wp-block-image size-full\"><img loading=\"lazy\" decoding=\"async\" width=\"598\" height=\"204\" src=\"https:\/\/radiostudiow.com.br\/site\/wp-content\/uploads\/2025\/01\/SITE-MEDIO.png\" alt=\"\" class=\"wp-image-32810\" srcset=\"https:\/\/radiostudiow.com.br\/site\/wp-content\/uploads\/2025\/01\/SITE-MEDIO.png 598w, https:\/\/radiostudiow.com.br\/site\/wp-content\/uploads\/2025\/01\/SITE-MEDIO-300x102.png 300w\" sizes=\"auto, (max-width: 598px) 100vw, 598px\" \/><\/figure>\n\n\n\n<p>O motorista, um homem de 46 anos, afirmou inicialmente que a carga era regular e apresentou nota fiscal com informa\u00e7\u00f5es conflitantes sobre local e data de origem.<\/p>\n\n\n\n<p>Diante das contradi\u00e7\u00f5es e do nervosismo do condutor, a equipe solicitou o deslonamento da carga, que consistiu em retirar a lona que cobria a carga transportada.<\/p>\n\n\n\n<figure class=\"wp-block-image\"><img decoding=\"async\" src=\"https:\/\/portalrdx.com.br\/wp-content\/uploads\/2025\/05\/APREENSAO-2-TON-DE-MACONHA-SMS-1024x538.jpg\" alt=\"\" class=\"wp-image-101630\"\/><figcaption class=\"wp-element-caption\">Foto: Luiz Ferreira.<\/figcaption><\/figure>\n\n\n\n<figure class=\"wp-block-image\"><img decoding=\"async\" src=\"https:\/\/portalrdx.com.br\/wp-content\/uploads\/2025\/05\/WhatsApp-Image-2025-05-27-at-00.30.23-1-768x1024.jpeg\" alt=\"\" class=\"wp-image-101631\"\/><figcaption class=\"wp-element-caption\">Foto: Luiz Ferreira.<\/figcaption><\/figure>\n\n\n\n<p>Durante a verifica\u00e7\u00e3o, foram encontrados diversos pacotes pretos sobre o material recicl\u00e1vel. Ao averiguar o conte\u00fado, os policiais confirmaram tratar-se de maconha embalada com fitas adesivas e sacos de nylon. O motorista alegou desconhecer a presen\u00e7a da droga.<\/p>\n\n\n\n<p>O homem foi preso em flagrante por tr\u00e1fico de drogas. Ele, junto com a droga, foi encaminhado \u00e0 Delegacia da Pol\u00edcia Civil em S\u00e3o Mateus do Sul.<\/p>\n\n\n\n<figure class=\"wp-block-image\"><img decoding=\"async\" src=\"https:\/\/portalrdx.com.br\/wp-content\/uploads\/2025\/05\/WhatsApp-Image-2025-05-27-at-00.30.23-2-768x1024.jpeg\" alt=\"\" class=\"wp-image-101632\"\/><figcaption class=\"wp-element-caption\">Foto: Luiz Ferreira.<\/figcaption><\/figure>\n\n\n\n<figure class=\"wp-block-image\"><img decoding=\"async\" src=\"https:\/\/portalrdx.com.br\/wp-content\/uploads\/2025\/05\/WhatsApp-Image-2025-05-27-at-00.30.24-1024x768.jpeg\" alt=\"\" class=\"wp-image-101633\"\/><figcaption class=\"wp-element-caption\">Foto: Luiz Ferreira.<\/figcaption><\/figure>\n\n\n\n<p><strong><em>Fonte: Portal RDX<\/em><\/strong><\/p>\n","protected":false},"excerpt":{"rendered":"<p>A equipe da Pol\u00edcia Rodovi\u00e1ria Federal (PRF) apreendeu 1.975,8 quilos de maconha na BR-476, em S\u00e3o Mateus do Sul na noite de segunda-feira (26). A droga estava escondida sob uma carga de papel recicl\u00e1vel transportada por um caminh\u00e3o que saiu de Dourados (MS) com destino a Curitiba (PR). A equipe da PRF realizava ronda quando [&hellip;]<\/p>\n","protected":false},"author":2,"featured_media":38753,"comment_status":"open","ping_status":"open","sticky":false,"template":"","format":"standard","meta":{"footnotes":""},"categories":[2],"tags":[172],"class_list":["post-38752","post","type-post","status-publish","format-standard","has-post-thumbnail","hentry","category-policial","tag-featured"],"amp_enabled":true,"_links":{"self":[{"href":"https:\/\/radiostudiow.com.br\/site\/wp-json\/wp\/v2\/posts\/38752","targetHints":{"allow":["GET"]}}],"collection":[{"href":"https:\/\/radiostudiow.com.br\/site\/wp-json\/wp\/v2\/posts"}],"about":[{"href":"https:\/\/radiostudiow.com.br\/site\/wp-json\/wp\/v2\/types\/post"}],"author":[{"embeddable":true,"href":"https:\/\/radiostudiow.com.br\/site\/wp-json\/wp\/v2\/users\/2"}],"replies":[{"embeddable":true,"href":"https:\/\/radiostudiow.com.br\/site\/wp-json\/wp\/v2\/comments?post=38752"}],"version-history":[{"count":3,"href":"https:\/\/radiostudiow.com.br\/site\/wp-json\/wp\/v2\/posts\/38752\/revisions"}],"predecessor-version":[{"id":38758,"href":"https:\/\/radiostudiow.com.br\/site\/wp-json\/wp\/v2\/posts\/38752\/revisions\/38758"}],"wp:featuredmedia":[{"embeddable":true,"href":"https:\/\/radiostudiow.com.br\/site\/wp-json\/wp\/v2\/media\/38753"}],"wp:attachment":[{"href":"https:\/\/radiostudiow.com.br\/site\/wp-json\/wp\/v2\/media?parent=38752"}],"wp:term":[{"taxonomy":"category","embeddable":true,"href":"https:\/\/radiostudiow.com.br\/site\/wp-json\/wp\/v2\/categories?post=38752"},{"taxonomy":"post_tag","embeddable":true,"href":"https:\/\/radiostudiow.com.br\/site\/wp-json\/wp\/v2\/tags?post=38752"}],"curies":[{"name":"wp","href":"https:\/\/api.w.org\/{rel}","templated":true}]}}