{"id":38759,"date":"2025-05-27T18:14:10","date_gmt":"2025-05-27T21:14:10","guid":{"rendered":"https:\/\/radiostudiow.com.br\/site\/?p=38759"},"modified":"2025-05-27T21:29:01","modified_gmt":"2025-05-28T00:29:01","slug":"justica-suspende-cpi-em-rio-azul-e-prefeito-leandro-jasinski-rebate-politica-baixa-nao-vai-sujar-uma-historia-de-trabalho-e-transparencia","status":"publish","type":"post","link":"https:\/\/radiostudiow.com.br\/site\/2025\/05\/27\/justica-suspende-cpi-em-rio-azul-e-prefeito-leandro-jasinski-rebate-politica-baixa-nao-vai-sujar-uma-historia-de-trabalho-e-transparencia\/","title":{"rendered":"Justi\u00e7a Suspende CPI em Rio Azul e Prefeito Leandro Jasinski Rebate: \u201cPol\u00edtica Baixa N\u00e3o Vai Sujar Uma Hist\u00f3ria de Trabalho e Transpar\u00eancia\u201d"},"content":{"rendered":"\n<figure class=\"wp-block-image size-full\"><img loading=\"lazy\" decoding=\"async\" width=\"897\" height=\"204\" src=\"https:\/\/radiostudiow.com.br\/site\/wp-content\/uploads\/2025\/03\/image-62.png\" alt=\"\" class=\"wp-image-35859\" srcset=\"https:\/\/radiostudiow.com.br\/site\/wp-content\/uploads\/2025\/03\/image-62.png 897w, https:\/\/radiostudiow.com.br\/site\/wp-content\/uploads\/2025\/03\/image-62-300x68.png 300w, https:\/\/radiostudiow.com.br\/site\/wp-content\/uploads\/2025\/03\/image-62-768x175.png 768w\" sizes=\"auto, (max-width: 897px) 100vw, 897px\" \/><\/figure>\n\n\n\n<p><\/p>\n\n\n\n<p><strong>Em decis\u00e3o proferida na segunda-feira, 26 de maio de 2025, o juiz James Byron Weschenfelder Bordignon, da Vara da Fazenda P\u00fablica de Rebou\u00e7as, concedeu liminar suspendendo os efeitos da Portaria n\u00ba 19\/2025 da C\u00e2mara Municipal de Rio Azul, que instaurava uma Comiss\u00e3o Parlamentar de Inqu\u00e9rito (CPI) para investigar supostas irregularidades na aquisi\u00e7\u00e3o de insumos automotivos pela Prefeitura.<\/strong><\/p>\n\n\n\n<p>A suspens\u00e3o atendeu a mandado de seguran\u00e7a impetrado pelo prefeito Leandro Jasinski, que apontou falhas legais na instaura\u00e7\u00e3o da CPI, entre elas a aus\u00eancia de fato determinado, a falta de individualiza\u00e7\u00e3o de respons\u00e1veis, al\u00e9m de viola\u00e7\u00f5es aos princ\u00edpios do contradit\u00f3rio e da ampla defesa.<\/p>\n\n\n\n<h2 class=\"wp-block-heading\">Para o magistrado, a den\u00fancia se mostrou gen\u00e9rica, o que inviabilizaria a defesa adequada por parte da Prefeitura. \u201cA generaliza\u00e7\u00e3o da den\u00fancia torna imposs\u00edvel responder adequadamente a uma acusa\u00e7\u00e3o gen\u00e9rica. A Constitui\u00e7\u00e3o exige um fato determinado\u201d, destacou o juiz.<\/h2>\n\n\n\n<p>A presidente da C\u00e2mara, Jussara Aparecida Moreira Martins, foi notificada para cumprir a decis\u00e3o, e o Minist\u00e9rio P\u00fablico tamb\u00e9m ser\u00e1 ouvido no processo.<\/p>\n\n\n\n<p><\/p>\n\n\n\n<figure class=\"wp-block-image size-full\"><img loading=\"lazy\" decoding=\"async\" width=\"513\" height=\"598\" src=\"https:\/\/radiostudiow.com.br\/site\/wp-content\/uploads\/2025\/05\/images.jpg\" alt=\"\" class=\"wp-image-38761\" srcset=\"https:\/\/radiostudiow.com.br\/site\/wp-content\/uploads\/2025\/05\/images.jpg 513w, https:\/\/radiostudiow.com.br\/site\/wp-content\/uploads\/2025\/05\/images-257x300.jpg 257w\" sizes=\"auto, (max-width: 513px) 100vw, 513px\" \/><\/figure>\n\n\n\n<p><\/p>\n\n\n\n<h2 class=\"wp-block-heading\"><strong>Prefeito Leandro Jasinski critica uso pol\u00edtico da CPI: \u201cTentaram manchar minha imagem de forma covarde\u201d<\/strong><\/h2>\n\n\n\n<p><\/p>\n\n\n\n<p><strong>Em entrevista concedida ao programa <em>Thalento Not\u00edcias<\/em>, da R\u00e1dio Thallento FM, o prefeito Leandro Jasinski<\/strong>, celebrou a decis\u00e3o judicial e se disse tranquilo quanto \u00e0 legalidade dos contratos questionados. <strong>\u201cEsse contrato j\u00e1 existe desde o in\u00edcio da minha gest\u00e3o. Nossas contas foram aprovadas de 2021 a 2023 pelo Tribunal de Contas e pela pr\u00f3pria C\u00e2mara\u201d<\/strong>, afirmou.<\/p>\n\n\n\n<h2 class=\"wp-block-heading\">Jasinski n\u00e3o poupou cr\u00edticas \u00e0 forma como a pol\u00edtica vem sendo feita no munic\u00edpio. \u201cEssa CPI foi criada com o objetivo claro de tentar denegrir minha imagem e a maneira como venho administrando Rio Azul. Foi uma tentativa covarde de fazer pol\u00edtica rasteira. Mas a popula\u00e7\u00e3o me conhece e sabe que tenho trabalhado com seriedade e compromisso com o povo rioazulense\u201d, desabafou.<\/h2>\n\n\n\n<p> <\/p>\n\n\n\n<figure class=\"wp-block-image size-full is-resized\"><img loading=\"lazy\" decoding=\"async\" width=\"686\" height=\"386\" src=\"https:\/\/radiostudiow.com.br\/site\/wp-content\/uploads\/2025\/05\/hq720.jpg\" alt=\"\" class=\"wp-image-38760\" style=\"width:740px;height:auto\" srcset=\"https:\/\/radiostudiow.com.br\/site\/wp-content\/uploads\/2025\/05\/hq720.jpg 686w, https:\/\/radiostudiow.com.br\/site\/wp-content\/uploads\/2025\/05\/hq720-300x169.jpg 300w\" sizes=\"auto, (max-width: 686px) 100vw, 686px\" \/><\/figure>\n\n\n\n<p>Foto: Arquivo Studio W<\/p>\n\n\n\n<blockquote class=\"wp-block-quote is-layout-flow wp-block-quote-is-layout-flow\">\n<p>O prefeito ainda ironizou a situa\u00e7\u00e3o comparando os ataques \u00e0 sua gest\u00e3o com o desenho animado <em>Corrida Maluca<\/em>, citando o personagem \u201cDick Vigarista\u201d. \u201cEle nunca ganhava a corrida porque, ao inv\u00e9s de correr, ficava tentando trapacear. E \u00e9 isso que est\u00e1 acontecendo aqui: ao inv\u00e9s de trabalhar, est\u00e3o tentando nos derrubar com armadilhas pol\u00edticas que n\u00e3o se sustentam\u201d.<\/p>\n<\/blockquote>\n\n\n\n<p><\/p>\n\n\n\n<figure class=\"wp-block-image size-full\"><img loading=\"lazy\" decoding=\"async\" width=\"897\" height=\"204\" src=\"https:\/\/radiostudiow.com.br\/site\/wp-content\/uploads\/2025\/03\/SITE-GRANDE5.png\" alt=\"\" class=\"wp-image-35420\" srcset=\"https:\/\/radiostudiow.com.br\/site\/wp-content\/uploads\/2025\/03\/SITE-GRANDE5.png 897w, https:\/\/radiostudiow.com.br\/site\/wp-content\/uploads\/2025\/03\/SITE-GRANDE5-300x68.png 300w, https:\/\/radiostudiow.com.br\/site\/wp-content\/uploads\/2025\/03\/SITE-GRANDE5-768x175.png 768w\" sizes=\"auto, (max-width: 897px) 100vw, 897px\" \/><\/figure>\n\n\n\n<p><\/p>\n\n\n\n<h2 class=\"wp-block-heading\"><strong>Gest\u00e3o reconhecida por \u00f3rg\u00e3os de controle<\/strong><\/h2>\n\n\n\n<p>Leandro Jasinski tamb\u00e9m mencionou que, na semana anterior, a Prefeitura recebeu t\u00e9cnicos do Tribunal de Contas do Estado do Paran\u00e1 (TCE-PR), que elogiaram a organiza\u00e7\u00e3o e os controles internos da administra\u00e7\u00e3o. <strong>\u201cReceber esse reconhecimento nos motiva a continuar nesse caminho. Desde 2021 estamos reorganizando a m\u00e1quina p\u00fablica para que ela funcione com mais efici\u00eancia e transpar\u00eancia\u201d,<\/strong> ressaltou.<\/p>\n\n\n\n<figure class=\"wp-block-image size-full\"><img loading=\"lazy\" decoding=\"async\" width=\"598\" height=\"204\" src=\"https:\/\/radiostudiow.com.br\/site\/wp-content\/uploads\/2025\/05\/BEAZY.jpg.png\" alt=\"\" class=\"wp-image-38197\" srcset=\"https:\/\/radiostudiow.com.br\/site\/wp-content\/uploads\/2025\/05\/BEAZY.jpg.png 598w, https:\/\/radiostudiow.com.br\/site\/wp-content\/uploads\/2025\/05\/BEAZY.jpg-300x102.png 300w\" sizes=\"auto, (max-width: 598px) 100vw, 598px\" \/><\/figure>\n\n\n\n<p><\/p>\n\n\n\n<h2 class=\"wp-block-heading\"><strong>Transpar\u00eancia como pilar da administra\u00e7\u00e3o<\/strong><\/h2>\n\n\n\n<p><\/p>\n\n\n\n<p>O prefeito reafirmou o compromisso com a transpar\u00eancia, informando que a Prefeitura est\u00e1 de portas abertas para qualquer cidad\u00e3o ou vereador que deseje esclarecimentos. <strong>\u201cQualquer um pode acessar o Portal da Transpar\u00eancia de qualquer lugar do mundo. N\u00e3o h\u00e1 o que esconder<\/strong>\u201d, declarou.<\/p>\n\n\n\n<p><\/p>\n\n\n\n<h2 class=\"wp-block-heading\">A decis\u00e3o judicial representa, segundo Jasinski, n\u00e3o apenas uma vit\u00f3ria pessoal, mas tamb\u00e9m uma defesa da boa pol\u00edtica. \u201c\u00c9 poss\u00edvel governar com honestidade e fazer Rio Azul crescer. E \u00e9 isso que estamos fazendo\u201d, concluiu.<\/h2>\n\n\n\n<p><\/p>\n\n\n\n<h2 class=\"wp-block-heading\">Fotos e Informa\u00e7\u00e3o: <\/h2>\n\n\n\n<h2 class=\"wp-block-heading\">Clayton Burgath <\/h2>\n\n\n\n<h2 class=\"wp-block-heading\">PODER JUDICI\u00c1RIO DO ESTADO DO PARAN\u00c1 &#8211; Comarca de Rebou\u00e7as<\/h2>\n\n\n\n<h2 class=\"wp-block-heading\">Reda\u00e7\u00e3o W Not\u00edcias<\/h2>\n\n\n\n<p><\/p>\n\n\n\n<h2 class=\"wp-block-heading\">Fotos dos Autos do Processo expedido pelo Poder Judici\u00e1rio Do Estado Do Paran\u00e1<\/h2>\n\n\n\n<h2 class=\"wp-block-heading\">Comarca De Rebou\u00e7as<\/h2>\n\n\n\n<p><\/p>\n\n\n\n<p><\/p>\n\n\n\n<figure class=\"wp-block-image size-large is-resized\"><img loading=\"lazy\" decoding=\"async\" width=\"723\" height=\"1024\" src=\"https:\/\/radiostudiow.com.br\/site\/wp-content\/uploads\/2025\/05\/1-3-723x1024.jpg\" alt=\"\" class=\"wp-image-38769\" style=\"width:740px;height:auto\" srcset=\"https:\/\/radiostudiow.com.br\/site\/wp-content\/uploads\/2025\/05\/1-3-723x1024.jpg 723w, https:\/\/radiostudiow.com.br\/site\/wp-content\/uploads\/2025\/05\/1-3-212x300.jpg 212w, https:\/\/radiostudiow.com.br\/site\/wp-content\/uploads\/2025\/05\/1-3-768x1087.jpg 768w, https:\/\/radiostudiow.com.br\/site\/wp-content\/uploads\/2025\/05\/1-3-1085x1536.jpg 1085w, https:\/\/radiostudiow.com.br\/site\/wp-content\/uploads\/2025\/05\/1-3.jpg 1130w\" sizes=\"auto, (max-width: 723px) 100vw, 723px\" \/><\/figure>\n\n\n\n<p><\/p>\n\n\n\n<figure class=\"wp-block-image size-large\"><img loading=\"lazy\" decoding=\"async\" width=\"723\" height=\"1024\" src=\"https:\/\/radiostudiow.com.br\/site\/wp-content\/uploads\/2025\/05\/2-1-723x1024.jpg\" alt=\"\" class=\"wp-image-38770\" srcset=\"https:\/\/radiostudiow.com.br\/site\/wp-content\/uploads\/2025\/05\/2-1-723x1024.jpg 723w, https:\/\/radiostudiow.com.br\/site\/wp-content\/uploads\/2025\/05\/2-1-212x300.jpg 212w, https:\/\/radiostudiow.com.br\/site\/wp-content\/uploads\/2025\/05\/2-1-768x1087.jpg 768w, https:\/\/radiostudiow.com.br\/site\/wp-content\/uploads\/2025\/05\/2-1-1085x1536.jpg 1085w, https:\/\/radiostudiow.com.br\/site\/wp-content\/uploads\/2025\/05\/2-1.jpg 1130w\" sizes=\"auto, (max-width: 723px) 100vw, 723px\" \/><\/figure>\n\n\n\n<figure class=\"wp-block-image size-large\"><img loading=\"lazy\" decoding=\"async\" width=\"723\" height=\"1024\" src=\"https:\/\/radiostudiow.com.br\/site\/wp-content\/uploads\/2025\/05\/3-2-723x1024.jpg\" alt=\"\" class=\"wp-image-38771\" srcset=\"https:\/\/radiostudiow.com.br\/site\/wp-content\/uploads\/2025\/05\/3-2-723x1024.jpg 723w, https:\/\/radiostudiow.com.br\/site\/wp-content\/uploads\/2025\/05\/3-2-212x300.jpg 212w, https:\/\/radiostudiow.com.br\/site\/wp-content\/uploads\/2025\/05\/3-2-768x1087.jpg 768w, https:\/\/radiostudiow.com.br\/site\/wp-content\/uploads\/2025\/05\/3-2-1085x1536.jpg 1085w, https:\/\/radiostudiow.com.br\/site\/wp-content\/uploads\/2025\/05\/3-2.jpg 1130w\" sizes=\"auto, (max-width: 723px) 100vw, 723px\" \/><\/figure>\n\n\n\n<figure class=\"wp-block-image size-large is-resized\"><img loading=\"lazy\" decoding=\"async\" width=\"723\" height=\"1024\" src=\"https:\/\/radiostudiow.com.br\/site\/wp-content\/uploads\/2025\/05\/4-2-723x1024.jpg\" alt=\"\" class=\"wp-image-38772\" style=\"width:740px;height:auto\" srcset=\"https:\/\/radiostudiow.com.br\/site\/wp-content\/uploads\/2025\/05\/4-2-723x1024.jpg 723w, https:\/\/radiostudiow.com.br\/site\/wp-content\/uploads\/2025\/05\/4-2-212x300.jpg 212w, https:\/\/radiostudiow.com.br\/site\/wp-content\/uploads\/2025\/05\/4-2-768x1087.jpg 768w, https:\/\/radiostudiow.com.br\/site\/wp-content\/uploads\/2025\/05\/4-2-1085x1536.jpg 1085w, https:\/\/radiostudiow.com.br\/site\/wp-content\/uploads\/2025\/05\/4-2.jpg 1130w\" sizes=\"auto, (max-width: 723px) 100vw, 723px\" \/><\/figure>\n\n\n\n<figure class=\"wp-block-image size-large\"><img loading=\"lazy\" decoding=\"async\" width=\"723\" height=\"1024\" src=\"https:\/\/radiostudiow.com.br\/site\/wp-content\/uploads\/2025\/05\/5-723x1024.jpg\" alt=\"\" class=\"wp-image-38773\" srcset=\"https:\/\/radiostudiow.com.br\/site\/wp-content\/uploads\/2025\/05\/5-723x1024.jpg 723w, https:\/\/radiostudiow.com.br\/site\/wp-content\/uploads\/2025\/05\/5-212x300.jpg 212w, https:\/\/radiostudiow.com.br\/site\/wp-content\/uploads\/2025\/05\/5-768x1087.jpg 768w, https:\/\/radiostudiow.com.br\/site\/wp-content\/uploads\/2025\/05\/5-1085x1536.jpg 1085w, https:\/\/radiostudiow.com.br\/site\/wp-content\/uploads\/2025\/05\/5.jpg 1130w\" sizes=\"auto, (max-width: 723px) 100vw, 723px\" \/><\/figure>\n","protected":false},"excerpt":{"rendered":"<p>Em decis\u00e3o proferida na segunda-feira, 26 de maio de 2025, o juiz James Byron Weschenfelder Bordignon, da Vara da Fazenda P\u00fablica de Rebou\u00e7as, concedeu liminar suspendendo os efeitos da Portaria n\u00ba 19\/2025 da C\u00e2mara Municipal de Rio Azul, que instaurava uma Comiss\u00e3o Parlamentar de Inqu\u00e9rito (CPI) para investigar supostas irregularidades na aquisi\u00e7\u00e3o de insumos automotivos [&hellip;]<\/p>\n","protected":false},"author":2,"featured_media":38774,"comment_status":"open","ping_status":"open","sticky":false,"template":"","format":"standard","meta":{"footnotes":""},"categories":[185],"tags":[172],"class_list":["post-38759","post","type-post","status-publish","format-standard","has-post-thumbnail","hentry","category-regional","tag-featured"],"amp_enabled":true,"_links":{"self":[{"href":"https:\/\/radiostudiow.com.br\/site\/wp-json\/wp\/v2\/posts\/38759","targetHints":{"allow":["GET"]}}],"collection":[{"href":"https:\/\/radiostudiow.com.br\/site\/wp-json\/wp\/v2\/posts"}],"about":[{"href":"https:\/\/radiostudiow.com.br\/site\/wp-json\/wp\/v2\/types\/post"}],"author":[{"embeddable":true,"href":"https:\/\/radiostudiow.com.br\/site\/wp-json\/wp\/v2\/users\/2"}],"replies":[{"embeddable":true,"href":"https:\/\/radiostudiow.com.br\/site\/wp-json\/wp\/v2\/comments?post=38759"}],"version-history":[{"count":1,"href":"https:\/\/radiostudiow.com.br\/site\/wp-json\/wp\/v2\/posts\/38759\/revisions"}],"predecessor-version":[{"id":38775,"href":"https:\/\/radiostudiow.com.br\/site\/wp-json\/wp\/v2\/posts\/38759\/revisions\/38775"}],"wp:featuredmedia":[{"embeddable":true,"href":"https:\/\/radiostudiow.com.br\/site\/wp-json\/wp\/v2\/media\/38774"}],"wp:attachment":[{"href":"https:\/\/radiostudiow.com.br\/site\/wp-json\/wp\/v2\/media?parent=38759"}],"wp:term":[{"taxonomy":"category","embeddable":true,"href":"https:\/\/radiostudiow.com.br\/site\/wp-json\/wp\/v2\/categories?post=38759"},{"taxonomy":"post_tag","embeddable":true,"href":"https:\/\/radiostudiow.com.br\/site\/wp-json\/wp\/v2\/tags?post=38759"}],"curies":[{"name":"wp","href":"https:\/\/api.w.org\/{rel}","templated":true}]}}