{"id":3877,"date":"2021-09-30T16:48:44","date_gmt":"2021-09-30T19:48:44","guid":{"rendered":"https:\/\/radiostudiow.com.br\/site\/?p=3877"},"modified":"2025-01-31T15:12:26","modified_gmt":"2025-01-31T18:12:26","slug":"proprietario-de-comercio-em-cruz-machado-sofre-ameacas-de-vizinho","status":"publish","type":"post","link":"https:\/\/radiostudiow.com.br\/site\/2021\/09\/30\/proprietario-de-comercio-em-cruz-machado-sofre-ameacas-de-vizinho\/","title":{"rendered":"Propriet\u00e1rio de com\u00e9rcio em Cruz Machado sofre amea\u00e7as de vizinho"},"content":{"rendered":"\n<p>Propriet\u00e1rio de um com\u00e9rcio no Vicinal Dois, \u00e1rea rural de Cruz Machado acionou a equipe da Pol\u00edcia Militar do munic\u00edpio que vem sofrendo amea\u00e7as de seu vizinho.<\/p>\n\n\n\n<p>De acordo com a v\u00edtima, o autor fica lhe amea\u00e7ando e proferindo xingamentos com termos de baixo cal\u00e3o. A situa\u00e7\u00e3o ocorreu por volta das 20:30 horas dessa quarta \u2013 feira (29).<\/p>\n\n\n\n<p>Diante do fato a equipe policial orientou a v\u00edtima quanto aos procedimentos cab\u00edveis.<\/p>\n\n\n\n<figure class=\"wp-block-image size-full\"><img decoding=\"async\" src=\"https:\/\/radiostudiow.com.br\/site\/wp-content\/uploads\/2021\/09\/HF-MALLET.jpg\" alt=\"\" class=\"wp-image-3544\"\/><\/figure>\n","protected":false},"excerpt":{"rendered":"<p>Propriet\u00e1rio de um com\u00e9rcio no Vicinal Dois, \u00e1rea rural de Cruz Machado acionou a equipe da Pol\u00edcia Militar do munic\u00edpio que vem sofrendo amea\u00e7as de seu vizinho. De acordo com a v\u00edtima, o autor fica lhe amea\u00e7ando e proferindo xingamentos com termos de baixo cal\u00e3o. A situa\u00e7\u00e3o ocorreu por volta das 20:30 horas dessa quarta [&hellip;]<\/p>\n","protected":false},"author":2,"featured_media":0,"comment_status":"open","ping_status":"open","sticky":false,"template":"","format":"standard","meta":{"footnotes":""},"categories":[2],"tags":[172],"class_list":["post-3877","post","type-post","status-publish","format-standard","hentry","category-policial","tag-featured"],"amp_enabled":true,"_links":{"self":[{"href":"https:\/\/radiostudiow.com.br\/site\/wp-json\/wp\/v2\/posts\/3877","targetHints":{"allow":["GET"]}}],"collection":[{"href":"https:\/\/radiostudiow.com.br\/site\/wp-json\/wp\/v2\/posts"}],"about":[{"href":"https:\/\/radiostudiow.com.br\/site\/wp-json\/wp\/v2\/types\/post"}],"author":[{"embeddable":true,"href":"https:\/\/radiostudiow.com.br\/site\/wp-json\/wp\/v2\/users\/2"}],"replies":[{"embeddable":true,"href":"https:\/\/radiostudiow.com.br\/site\/wp-json\/wp\/v2\/comments?post=3877"}],"version-history":[{"count":1,"href":"https:\/\/radiostudiow.com.br\/site\/wp-json\/wp\/v2\/posts\/3877\/revisions"}],"predecessor-version":[{"id":3878,"href":"https:\/\/radiostudiow.com.br\/site\/wp-json\/wp\/v2\/posts\/3877\/revisions\/3878"}],"wp:attachment":[{"href":"https:\/\/radiostudiow.com.br\/site\/wp-json\/wp\/v2\/media?parent=3877"}],"wp:term":[{"taxonomy":"category","embeddable":true,"href":"https:\/\/radiostudiow.com.br\/site\/wp-json\/wp\/v2\/categories?post=3877"},{"taxonomy":"post_tag","embeddable":true,"href":"https:\/\/radiostudiow.com.br\/site\/wp-json\/wp\/v2\/tags?post=3877"}],"curies":[{"name":"wp","href":"https:\/\/api.w.org\/{rel}","templated":true}]}}