{"id":38782,"date":"2025-05-27T21:35:42","date_gmt":"2025-05-28T00:35:42","guid":{"rendered":"https:\/\/radiostudiow.com.br\/site\/?p=38782"},"modified":"2025-05-27T21:35:43","modified_gmt":"2025-05-28T00:35:43","slug":"homem-e-preso-por-violencia-domestica-no-interior-de-mallet-em-acao-conjunta-da-policia-civil-e-militar","status":"publish","type":"post","link":"https:\/\/radiostudiow.com.br\/site\/2025\/05\/27\/homem-e-preso-por-violencia-domestica-no-interior-de-mallet-em-acao-conjunta-da-policia-civil-e-militar\/","title":{"rendered":"Homem \u00e9 preso por viol\u00eancia dom\u00e9stica no interior de Mallet em a\u00e7\u00e3o conjunta da Pol\u00edcia Civil e Militar"},"content":{"rendered":"\n<p><\/p>\n\n\n\n<figure class=\"wp-block-image size-full\"><img loading=\"lazy\" decoding=\"async\" width=\"598\" height=\"204\" src=\"https:\/\/radiostudiow.com.br\/site\/wp-content\/uploads\/2025\/05\/POLAK.png\" alt=\"\" class=\"wp-image-37847\" srcset=\"https:\/\/radiostudiow.com.br\/site\/wp-content\/uploads\/2025\/05\/POLAK.png 598w, https:\/\/radiostudiow.com.br\/site\/wp-content\/uploads\/2025\/05\/POLAK-300x102.png 300w\" sizes=\"auto, (max-width: 598px) 100vw, 598px\" \/><\/figure>\n\n\n\n<p><\/p>\n\n\n\n<h2 class=\"wp-block-heading\">Na manh\u00e3 desta ter\u00e7a-feira (27), um homem foi preso preventivamente por crimes relacionados \u00e0 viol\u00eancia dom\u00e9stica na localidade de Col\u00f4nia Duas, interior do munic\u00edpio de Mallet.<\/h2>\n\n\n\n<p><\/p>\n\n\n\n<p><strong>A a\u00e7\u00e3o foi realizada de forma conjunta pelas equipes da Pol\u00edcia Civil do Paran\u00e1 (PCPR), por meio da 10\u00aa Delegacia Regional de Pol\u00edcia de Mallet, e da Pol\u00edcia Militar do Paran\u00e1 (PMPR), atrav\u00e9s do 3\u00ba Pelot\u00e3o Cabo Abr\u00e3o Kanclarovicz, pertencente ao 27\u00ba Batalh\u00e3o.<\/strong><\/p>\n\n\n\n<p><\/p>\n\n\n\n<figure class=\"wp-block-image size-full\"><img loading=\"lazy\" decoding=\"async\" width=\"512\" height=\"640\" src=\"https:\/\/radiostudiow.com.br\/site\/wp-content\/uploads\/2025\/05\/500706392_689487534042543_8006439805948764980_n.jpg\" alt=\"\" class=\"wp-image-38783\" srcset=\"https:\/\/radiostudiow.com.br\/site\/wp-content\/uploads\/2025\/05\/500706392_689487534042543_8006439805948764980_n.jpg 512w, https:\/\/radiostudiow.com.br\/site\/wp-content\/uploads\/2025\/05\/500706392_689487534042543_8006439805948764980_n-240x300.jpg 240w\" sizes=\"auto, (max-width: 512px) 100vw, 512px\" \/><\/figure>\n\n\n\n<p><\/p>\n\n\n\n<p><\/p>\n\n\n\n<figure class=\"wp-block-image size-large is-resized\"><img loading=\"lazy\" decoding=\"async\" width=\"1024\" height=\"614\" src=\"https:\/\/radiostudiow.com.br\/site\/wp-content\/uploads\/2025\/05\/5914fcac-c2b4-4795-a120-dc162c4a6466-1024x614.jpg\" alt=\"\" class=\"wp-image-38784\" style=\"width:572px;height:auto\" srcset=\"https:\/\/radiostudiow.com.br\/site\/wp-content\/uploads\/2025\/05\/5914fcac-c2b4-4795-a120-dc162c4a6466-1024x614.jpg 1024w, https:\/\/radiostudiow.com.br\/site\/wp-content\/uploads\/2025\/05\/5914fcac-c2b4-4795-a120-dc162c4a6466-300x180.jpg 300w, https:\/\/radiostudiow.com.br\/site\/wp-content\/uploads\/2025\/05\/5914fcac-c2b4-4795-a120-dc162c4a6466-768x460.jpg 768w, https:\/\/radiostudiow.com.br\/site\/wp-content\/uploads\/2025\/05\/5914fcac-c2b4-4795-a120-dc162c4a6466-1536x921.jpg 1536w, https:\/\/radiostudiow.com.br\/site\/wp-content\/uploads\/2025\/05\/5914fcac-c2b4-4795-a120-dc162c4a6466-1000x600.jpg 1000w, https:\/\/radiostudiow.com.br\/site\/wp-content\/uploads\/2025\/05\/5914fcac-c2b4-4795-a120-dc162c4a6466-590x354.jpg 590w, https:\/\/radiostudiow.com.br\/site\/wp-content\/uploads\/2025\/05\/5914fcac-c2b4-4795-a120-dc162c4a6466-400x240.jpg 400w, https:\/\/radiostudiow.com.br\/site\/wp-content\/uploads\/2025\/05\/5914fcac-c2b4-4795-a120-dc162c4a6466.jpg 1600w\" sizes=\"auto, (max-width: 1024px) 100vw, 1024px\" \/><\/figure>\n\n\n\n<p><\/p>\n\n\n\n<p><strong>O investigado \u00e9 acusado da pr\u00e1tica de les\u00e3o corporal, amea\u00e7a e inj\u00faria contra uma mulher em contexto de viol\u00eancia dom\u00e9stica. Ap\u00f3s dilig\u00eancias e com base nas investiga\u00e7\u00f5es, a Justi\u00e7a expediu o mandado de pris\u00e3o preventiva, que foi devidamente cumprido pelas for\u00e7as de seguran\u00e7a.<\/strong><\/p>\n\n\n\n<p>Ap\u00f3s ser detido, o suspeito foi encaminhado \u00e0 Cadeia P\u00fablica de Uni\u00e3o da Vit\u00f3ria, onde permanecer\u00e1 \u00e0 disposi\u00e7\u00e3o do Poder Judici\u00e1rio.<\/p>\n\n\n\n<p>A Pol\u00edcia refor\u00e7a a import\u00e2ncia de den\u00fancias em casos de viol\u00eancia dom\u00e9stica, que podem ser feitas de forma an\u00f4nima pelo telefone 181 ou diretamente em qualquer unidade policial.<\/p>\n\n\n\n<figure class=\"wp-block-image size-large\"><img loading=\"lazy\" decoding=\"async\" width=\"1024\" height=\"1000\" src=\"https:\/\/radiostudiow.com.br\/site\/wp-content\/uploads\/2025\/05\/492688174_1182172403919654_5115296919449104694_n-1024x1000.jpg\" alt=\"\" class=\"wp-image-38622\" srcset=\"https:\/\/radiostudiow.com.br\/site\/wp-content\/uploads\/2025\/05\/492688174_1182172403919654_5115296919449104694_n-1024x1000.jpg 1024w, https:\/\/radiostudiow.com.br\/site\/wp-content\/uploads\/2025\/05\/492688174_1182172403919654_5115296919449104694_n-300x293.jpg 300w, https:\/\/radiostudiow.com.br\/site\/wp-content\/uploads\/2025\/05\/492688174_1182172403919654_5115296919449104694_n-768x750.jpg 768w, https:\/\/radiostudiow.com.br\/site\/wp-content\/uploads\/2025\/05\/492688174_1182172403919654_5115296919449104694_n-1536x1500.jpg 1536w, https:\/\/radiostudiow.com.br\/site\/wp-content\/uploads\/2025\/05\/492688174_1182172403919654_5115296919449104694_n.jpg 2048w\" sizes=\"auto, (max-width: 1024px) 100vw, 1024px\" \/><\/figure>\n","protected":false},"excerpt":{"rendered":"<p>Na manh\u00e3 desta ter\u00e7a-feira (27), um homem foi preso preventivamente por crimes relacionados \u00e0 viol\u00eancia dom\u00e9stica na localidade de Col\u00f4nia Duas, interior do munic\u00edpio de Mallet. A a\u00e7\u00e3o foi realizada de forma conjunta pelas equipes da Pol\u00edcia Civil do Paran\u00e1 (PCPR), por meio da 10\u00aa Delegacia Regional de Pol\u00edcia de Mallet, e da Pol\u00edcia Militar [&hellip;]<\/p>\n","protected":false},"author":2,"featured_media":38785,"comment_status":"open","ping_status":"open","sticky":false,"template":"","format":"standard","meta":{"footnotes":""},"categories":[184],"tags":[172],"class_list":["post-38782","post","type-post","status-publish","format-standard","has-post-thumbnail","hentry","category-local","tag-featured"],"amp_enabled":true,"_links":{"self":[{"href":"https:\/\/radiostudiow.com.br\/site\/wp-json\/wp\/v2\/posts\/38782","targetHints":{"allow":["GET"]}}],"collection":[{"href":"https:\/\/radiostudiow.com.br\/site\/wp-json\/wp\/v2\/posts"}],"about":[{"href":"https:\/\/radiostudiow.com.br\/site\/wp-json\/wp\/v2\/types\/post"}],"author":[{"embeddable":true,"href":"https:\/\/radiostudiow.com.br\/site\/wp-json\/wp\/v2\/users\/2"}],"replies":[{"embeddable":true,"href":"https:\/\/radiostudiow.com.br\/site\/wp-json\/wp\/v2\/comments?post=38782"}],"version-history":[{"count":1,"href":"https:\/\/radiostudiow.com.br\/site\/wp-json\/wp\/v2\/posts\/38782\/revisions"}],"predecessor-version":[{"id":38786,"href":"https:\/\/radiostudiow.com.br\/site\/wp-json\/wp\/v2\/posts\/38782\/revisions\/38786"}],"wp:featuredmedia":[{"embeddable":true,"href":"https:\/\/radiostudiow.com.br\/site\/wp-json\/wp\/v2\/media\/38785"}],"wp:attachment":[{"href":"https:\/\/radiostudiow.com.br\/site\/wp-json\/wp\/v2\/media?parent=38782"}],"wp:term":[{"taxonomy":"category","embeddable":true,"href":"https:\/\/radiostudiow.com.br\/site\/wp-json\/wp\/v2\/categories?post=38782"},{"taxonomy":"post_tag","embeddable":true,"href":"https:\/\/radiostudiow.com.br\/site\/wp-json\/wp\/v2\/tags?post=38782"}],"curies":[{"name":"wp","href":"https:\/\/api.w.org\/{rel}","templated":true}]}}