{"id":38787,"date":"2025-05-28T09:30:05","date_gmt":"2025-05-28T12:30:05","guid":{"rendered":"https:\/\/radiostudiow.com.br\/site\/?p=38787"},"modified":"2025-05-28T09:30:05","modified_gmt":"2025-05-28T12:30:05","slug":"boletim-semanal-da-dengue-confirma-mais-6-593-casos-e-10-obitos-no-parana","status":"publish","type":"post","link":"https:\/\/radiostudiow.com.br\/site\/2025\/05\/28\/boletim-semanal-da-dengue-confirma-mais-6-593-casos-e-10-obitos-no-parana\/","title":{"rendered":"Boletim semanal da dengue confirma mais 6.593 casos e 10 \u00f3bitos no Paran\u00e1"},"content":{"rendered":"\n<p>A Secretaria de Estado da Sa\u00fade (Sesa) divulgou nesta ter\u00e7a-feira (27) o novo informe semanal da dengue. Foram registrados mais 6.593 casos da doen\u00e7a e dez \u00f3bitos. Os dados do novo ano epidemiol\u00f3gico 2025 totalizam 211.750 notifica\u00e7\u00f5es, 67.476 diagn\u00f3sticos confirmados e 65 \u00f3bitos em decorr\u00eancia da dengue no Estado.&nbsp;Tamb\u00e9m foi confirmada a segunda morte por Chikungunya no Estado.<\/p>\n\n\n\n<p>Os novos \u00f3bitos ocorreram entre fevereiro e maio, sendo sete mulheres e tr\u00eas homens, com idades entre 43 e 91 anos, nove deles com comorbidades. Os pacientes residiam em Francisco Beltr\u00e3o (8\u00aa Regional de Sa\u00fade de Francisco Beltr\u00e3o); Quarto Centen\u00e1rio na (11\u00aa RS de Campo Mour\u00e3o); Ita\u00fana do Sul e Quer\u00eancia do Norte (14\u00aa RS de Paranava\u00ed); Mandagua\u00e7u, Maring\u00e1 e Paranacity (15\u00aa RS de Maring\u00e1); Florest\u00f3polis (17\u00aa RS de Londrina) e Nova F\u00e1tima (18\u00aa RS de Corn\u00e9lio Proc\u00f3pio).<\/p>\n\n\n\n<div class=\"wp-block-media-text is-stacked-on-mobile\"><figure class=\"wp-block-media-text__media\"><img loading=\"lazy\" decoding=\"async\" width=\"1024\" height=\"1024\" src=\"https:\/\/radiostudiow.com.br\/site\/wp-content\/uploads\/2025\/04\/487811741_1161041312699430_8877786304738601525_n-1024x1024.jpg\" alt=\"\" class=\"wp-image-37482 size-full\" srcset=\"https:\/\/radiostudiow.com.br\/site\/wp-content\/uploads\/2025\/04\/487811741_1161041312699430_8877786304738601525_n-1024x1024.jpg 1024w, https:\/\/radiostudiow.com.br\/site\/wp-content\/uploads\/2025\/04\/487811741_1161041312699430_8877786304738601525_n-300x300.jpg 300w, https:\/\/radiostudiow.com.br\/site\/wp-content\/uploads\/2025\/04\/487811741_1161041312699430_8877786304738601525_n-768x768.jpg 768w, https:\/\/radiostudiow.com.br\/site\/wp-content\/uploads\/2025\/04\/487811741_1161041312699430_8877786304738601525_n-1536x1536.jpg 1536w, https:\/\/radiostudiow.com.br\/site\/wp-content\/uploads\/2025\/04\/487811741_1161041312699430_8877786304738601525_n-80x80.jpg 80w, https:\/\/radiostudiow.com.br\/site\/wp-content\/uploads\/2025\/04\/487811741_1161041312699430_8877786304738601525_n.jpg 1600w\" sizes=\"auto, (max-width: 1024px) 100vw, 1024px\" \/><\/figure><div class=\"wp-block-media-text__content\">\n<p>Ao todo, 397 munic\u00edpios j\u00e1 apresentaram notifica\u00e7\u00f5es da doen\u00e7a, transmitida pelo mosquito&nbsp;Aedes aegypti, e 372 possuem casos confirmados.<\/p>\n\n\n\n<p>As regionais com os maiores n\u00fameros de casos confirmados neste per\u00edodo epidemiol\u00f3gico s\u00e3o a 17\u00aa RS de Londrina (15.954); 14\u00aa RS de Paranava\u00ed (11.291); 15\u00aa RS de Maring\u00e1 (8.689); 19\u00aa RS de Jacarezinho (4.633); e 12\u00aa RS de Umuarama (4.127).<\/p>\n<\/div><\/div>\n\n\n\n<p><strong>OUTRAS ARBOVIROSES \u2013&nbsp;<\/strong>A publica\u00e7\u00e3o inclui ainda dados sobre Chikungunya e Zika, doen\u00e7as tamb\u00e9m transmitidas pelo mosquito Aedes aegypti. Foram confirmados 3.495 casos de Chikungunya, num total de 7.979 notifica\u00e7\u00f5es da doen\u00e7a no Estado. Foi confirmado tamb\u00e9m o segundo \u00f3bito no Paran\u00e1. Trata-se de paciente do sexo masculino, 72 anos, com comorbidades, residente em Ivaipor\u00e3, na 22\u00aa Regional de Sa\u00fade.<\/p>\n\n\n\n<p>Quanto ao v\u00edrus Zika, at\u00e9 o momento foram registradas 90 notifica\u00e7\u00f5es sem nenhum caso confirmado.<\/p>\n\n\n\n<p><strong>FEBRE OROPOUCHE&nbsp;\u2013&nbsp;<\/strong>A Sesa publica tamb\u00e9m neste boletim os casos de Oropouche no Estado, nos munic\u00edpios de Adrian\u00f3polis (26 casos aut\u00f3ctones) e Morretes (1 caso aut\u00f3ctone), al\u00e9m do registro de um caso importado no munic\u00edpio de Arapongas (importado do Esp\u00edrito Santo).<\/p>\n\n\n\n<p>A febre Oropouche \u00e9 causada pelo v\u00edrus&nbsp;Orthobunyavirus oropoucheense&nbsp;(OROV), transmitido principalmente pelo inseto&nbsp;Culicoides paraensis, conhecido como maruim ou mosquito-p\u00f3lvora. Ap\u00f3s picar uma pessoa ou animal infectado, o vetor pode transmitir o v\u00edrus a outras pessoas. Os sintomas da febre Oropouche s\u00e3o semelhantes aos de outras arboviroses, como dengue e chikungunya.<\/p>\n\n\n\n<p>Confira o Informe Semanal completo&nbsp;<strong><a href=\"https:\/\/www.documentador.pr.gov.br\/documentador\/pub.do?action=d&amp;uuid=@gtf-escriba-sesa@3e82bf80-d0c2-465f-8c9a-1e34b304fd63&amp;emPg=true\" target=\"_blank\" rel=\"noreferrer noopener\">AQUI<\/a><\/strong>.&nbsp;Mais informa\u00e7\u00f5es sobre os dados da dengue est\u00e3o&nbsp;neste&nbsp;<strong><a href=\"https:\/\/www.dengue.pr.gov.br\/\" target=\"_blank\" rel=\"noreferrer noopener\">LINK.<\/a><\/strong><\/p>\n","protected":false},"excerpt":{"rendered":"<p>A Secretaria de Estado da Sa\u00fade (Sesa) divulgou nesta ter\u00e7a-feira (27) o novo informe semanal da dengue. Foram registrados mais 6.593 casos da doen\u00e7a e dez \u00f3bitos. Os dados do novo ano epidemiol\u00f3gico 2025 totalizam 211.750 notifica\u00e7\u00f5es, 67.476 diagn\u00f3sticos confirmados e 65 \u00f3bitos em decorr\u00eancia da dengue no Estado.&nbsp;Tamb\u00e9m foi confirmada a segunda morte por [&hellip;]<\/p>\n","protected":false},"author":2,"featured_media":33107,"comment_status":"open","ping_status":"open","sticky":false,"template":"","format":"standard","meta":{"footnotes":""},"categories":[182],"tags":[172],"class_list":["post-38787","post","type-post","status-publish","format-standard","has-post-thumbnail","hentry","category-saude","tag-featured"],"amp_enabled":true,"_links":{"self":[{"href":"https:\/\/radiostudiow.com.br\/site\/wp-json\/wp\/v2\/posts\/38787","targetHints":{"allow":["GET"]}}],"collection":[{"href":"https:\/\/radiostudiow.com.br\/site\/wp-json\/wp\/v2\/posts"}],"about":[{"href":"https:\/\/radiostudiow.com.br\/site\/wp-json\/wp\/v2\/types\/post"}],"author":[{"embeddable":true,"href":"https:\/\/radiostudiow.com.br\/site\/wp-json\/wp\/v2\/users\/2"}],"replies":[{"embeddable":true,"href":"https:\/\/radiostudiow.com.br\/site\/wp-json\/wp\/v2\/comments?post=38787"}],"version-history":[{"count":1,"href":"https:\/\/radiostudiow.com.br\/site\/wp-json\/wp\/v2\/posts\/38787\/revisions"}],"predecessor-version":[{"id":38788,"href":"https:\/\/radiostudiow.com.br\/site\/wp-json\/wp\/v2\/posts\/38787\/revisions\/38788"}],"wp:featuredmedia":[{"embeddable":true,"href":"https:\/\/radiostudiow.com.br\/site\/wp-json\/wp\/v2\/media\/33107"}],"wp:attachment":[{"href":"https:\/\/radiostudiow.com.br\/site\/wp-json\/wp\/v2\/media?parent=38787"}],"wp:term":[{"taxonomy":"category","embeddable":true,"href":"https:\/\/radiostudiow.com.br\/site\/wp-json\/wp\/v2\/categories?post=38787"},{"taxonomy":"post_tag","embeddable":true,"href":"https:\/\/radiostudiow.com.br\/site\/wp-json\/wp\/v2\/tags?post=38787"}],"curies":[{"name":"wp","href":"https:\/\/api.w.org\/{rel}","templated":true}]}}