{"id":3879,"date":"2021-10-01T10:29:42","date_gmt":"2021-10-01T13:29:42","guid":{"rendered":"https:\/\/radiostudiow.com.br\/site\/?p=3879"},"modified":"2025-01-31T15:12:26","modified_gmt":"2025-01-31T18:12:26","slug":"motociclista-e-apreendido-sem-capacete-em-cruz-machado","status":"publish","type":"post","link":"https:\/\/radiostudiow.com.br\/site\/2021\/10\/01\/motociclista-e-apreendido-sem-capacete-em-cruz-machado\/","title":{"rendered":"Motociclista \u00e9 apreendido sem capacete em Cruz Machado"},"content":{"rendered":"\n<p>A equipe da Pol\u00edcia Militar de Cruz Machado estava em patrulhamento pelo bairro Vila Bom Jesus quando visualizou um indiv\u00edduo transitando com uma motocicleta sem uso de capacete.<\/p>\n\n\n\n<p>A situa\u00e7\u00e3o ocorreu por volta das 16:50 horas dessa quinta \u2013 feira (30).<\/p>\n\n\n\n<p>Ap\u00f3s realizar a abordagem e identificar o condutor, foi constado que o suspeito n\u00e3o possui CNH (Carteira Nacional de Habilita\u00e7\u00e3o) e a motocicleta JTA\/Suzuki YES de cor prata encontra-se com d\u00e9bitos em sua documenta\u00e7\u00e3o.<\/p>\n\n\n\n<p>Diante da situa\u00e7\u00e3o o ve\u00edculo foi recolhido ao p\u00e1tio da 3\u00aa CIA e lavrada as devidas notifica\u00e7\u00f5es.<\/p>\n\n\n\n<figure class=\"wp-block-image size-full\"><img decoding=\"async\" src=\"https:\/\/radiostudiow.com.br\/site\/wp-content\/uploads\/2021\/09\/NUTRI-MALLET.jpg\" alt=\"\" class=\"wp-image-3543\"\/><\/figure>\n","protected":false},"excerpt":{"rendered":"<p>A equipe da Pol\u00edcia Militar de Cruz Machado estava em patrulhamento pelo bairro Vila Bom Jesus quando visualizou um indiv\u00edduo transitando com uma motocicleta sem uso de capacete. A situa\u00e7\u00e3o ocorreu por volta das 16:50 horas dessa quinta \u2013 feira (30). Ap\u00f3s realizar a abordagem e identificar o condutor, foi constado que o suspeito n\u00e3o [&hellip;]<\/p>\n","protected":false},"author":2,"featured_media":3833,"comment_status":"open","ping_status":"open","sticky":false,"template":"","format":"standard","meta":{"footnotes":""},"categories":[2],"tags":[172],"class_list":["post-3879","post","type-post","status-publish","format-standard","has-post-thumbnail","hentry","category-policial","tag-featured"],"amp_enabled":true,"_links":{"self":[{"href":"https:\/\/radiostudiow.com.br\/site\/wp-json\/wp\/v2\/posts\/3879","targetHints":{"allow":["GET"]}}],"collection":[{"href":"https:\/\/radiostudiow.com.br\/site\/wp-json\/wp\/v2\/posts"}],"about":[{"href":"https:\/\/radiostudiow.com.br\/site\/wp-json\/wp\/v2\/types\/post"}],"author":[{"embeddable":true,"href":"https:\/\/radiostudiow.com.br\/site\/wp-json\/wp\/v2\/users\/2"}],"replies":[{"embeddable":true,"href":"https:\/\/radiostudiow.com.br\/site\/wp-json\/wp\/v2\/comments?post=3879"}],"version-history":[{"count":1,"href":"https:\/\/radiostudiow.com.br\/site\/wp-json\/wp\/v2\/posts\/3879\/revisions"}],"predecessor-version":[{"id":3880,"href":"https:\/\/radiostudiow.com.br\/site\/wp-json\/wp\/v2\/posts\/3879\/revisions\/3880"}],"wp:featuredmedia":[{"embeddable":true,"href":"https:\/\/radiostudiow.com.br\/site\/wp-json\/wp\/v2\/media\/3833"}],"wp:attachment":[{"href":"https:\/\/radiostudiow.com.br\/site\/wp-json\/wp\/v2\/media?parent=3879"}],"wp:term":[{"taxonomy":"category","embeddable":true,"href":"https:\/\/radiostudiow.com.br\/site\/wp-json\/wp\/v2\/categories?post=3879"},{"taxonomy":"post_tag","embeddable":true,"href":"https:\/\/radiostudiow.com.br\/site\/wp-json\/wp\/v2\/tags?post=3879"}],"curies":[{"name":"wp","href":"https:\/\/api.w.org\/{rel}","templated":true}]}}