{"id":38795,"date":"2025-05-28T10:54:12","date_gmt":"2025-05-28T13:54:12","guid":{"rendered":"https:\/\/radiostudiow.com.br\/site\/?p=38795"},"modified":"2025-05-28T10:54:13","modified_gmt":"2025-05-28T13:54:13","slug":"homem-e-socorrido-em-mallet-na-via-publica-apos-convulsoes-e-surto-psicotico","status":"publish","type":"post","link":"https:\/\/radiostudiow.com.br\/site\/2025\/05\/28\/homem-e-socorrido-em-mallet-na-via-publica-apos-convulsoes-e-surto-psicotico\/","title":{"rendered":"Homem \u00e9 socorrido em Mallet na via p\u00fablica ap\u00f3s convuls\u00f5es e surto psic\u00f3tico"},"content":{"rendered":"\n<figure class=\"wp-block-image size-full\"><img loading=\"lazy\" decoding=\"async\" width=\"598\" height=\"204\" src=\"https:\/\/radiostudiow.com.br\/site\/wp-content\/uploads\/2025\/05\/POLAK.png\" alt=\"\" class=\"wp-image-37847\" srcset=\"https:\/\/radiostudiow.com.br\/site\/wp-content\/uploads\/2025\/05\/POLAK.png 598w, https:\/\/radiostudiow.com.br\/site\/wp-content\/uploads\/2025\/05\/POLAK-300x102.png 300w\" sizes=\"auto, (max-width: 598px) 100vw, 598px\" \/><\/figure>\n\n\n\n<p>Na madrugada do \u00faltimo s\u00e1bado, 24 de maio, por volta das 4h, uma equipe da Pol\u00edcia Militar foi acionada pela central do SAMU para prestar apoio em uma ocorr\u00eancia de urg\u00eancia em Mallet.<\/p>\n\n\n\n<p>Um homem havia solicitado atendimento m\u00e9dico, mas foi encontrado inconsciente, ca\u00eddo em via p\u00fablica. Diante da gravidade da situa\u00e7\u00e3o e dos sinais de convuls\u00e3o, os socorristas realizaram o encaminhamento imediato ao Hospital S\u00e3o Pedro de Mallet, sem conseguir identific\u00e1-lo no momento.<\/p>\n\n\n\n<p>J\u00e1 na unidade hospitalar, o homem, ainda desacordado, apresentava sinais de um poss\u00edvel surto psic\u00f3tico. Durante o atendimento, ele teve uma nova crise, exigindo conten\u00e7\u00e3o f\u00edsica realizada com o aux\u00edlio do m\u00e9dico e da equipe de enfermagem, com o apoio da PM.<\/p>\n\n\n\n<figure class=\"wp-block-image size-large is-resized\"><img loading=\"lazy\" decoding=\"async\" width=\"1024\" height=\"614\" src=\"https:\/\/radiostudiow.com.br\/site\/wp-content\/uploads\/2025\/05\/5914fcac-c2b4-4795-a120-dc162c4a6466-1024x614.jpg\" alt=\"\" class=\"wp-image-38784\" style=\"width:371px;height:auto\" srcset=\"https:\/\/radiostudiow.com.br\/site\/wp-content\/uploads\/2025\/05\/5914fcac-c2b4-4795-a120-dc162c4a6466-1024x614.jpg 1024w, https:\/\/radiostudiow.com.br\/site\/wp-content\/uploads\/2025\/05\/5914fcac-c2b4-4795-a120-dc162c4a6466-300x180.jpg 300w, https:\/\/radiostudiow.com.br\/site\/wp-content\/uploads\/2025\/05\/5914fcac-c2b4-4795-a120-dc162c4a6466-768x460.jpg 768w, https:\/\/radiostudiow.com.br\/site\/wp-content\/uploads\/2025\/05\/5914fcac-c2b4-4795-a120-dc162c4a6466-1536x921.jpg 1536w, https:\/\/radiostudiow.com.br\/site\/wp-content\/uploads\/2025\/05\/5914fcac-c2b4-4795-a120-dc162c4a6466-1000x600.jpg 1000w, https:\/\/radiostudiow.com.br\/site\/wp-content\/uploads\/2025\/05\/5914fcac-c2b4-4795-a120-dc162c4a6466-590x354.jpg 590w, https:\/\/radiostudiow.com.br\/site\/wp-content\/uploads\/2025\/05\/5914fcac-c2b4-4795-a120-dc162c4a6466-400x240.jpg 400w, https:\/\/radiostudiow.com.br\/site\/wp-content\/uploads\/2025\/05\/5914fcac-c2b4-4795-a120-dc162c4a6466.jpg 1600w\" sizes=\"auto, (max-width: 1024px) 100vw, 1024px\" \/><\/figure>\n\n\n\n<p>Ap\u00f3s ser medicado, o paciente recobrou a consci\u00eancia e conseguiu informar \u00e0 equipe que seus documentos pessoais estavam em um caminh\u00e3o estacionado no p\u00e1tio de uma empresa da cidade.<\/p>\n\n\n\n<p>A guarni\u00e7\u00e3o policial se deslocou at\u00e9 o local indicado, onde localizou o ve\u00edculo e encontrou os documentos, identificando a v\u00edtima como um homem de 43 anos, natural do estado de Minas Gerais.<\/p>\n\n\n\n<p>Os documentos foram entregues \u00e0 equipe de enfermagem do hospital para os devidos registros.<br>O caso foi devidamente registrado em boletim de ocorr\u00eancia e, at\u00e9 o momento, n\u00e3o h\u00e1 ind\u00edcios de viol\u00eancia ou a\u00e7\u00e3o criminosa relacionados ao epis\u00f3dio.<\/p>\n\n\n\n<p>A identidade do homem n\u00e3o foi divulgada oficialmente pelas autoridades.<\/p>\n\n\n\n<figure class=\"wp-block-image size-full\"><img loading=\"lazy\" decoding=\"async\" width=\"598\" height=\"204\" src=\"https:\/\/radiostudiow.com.br\/site\/wp-content\/uploads\/2025\/04\/BOROX.png\" alt=\"\" class=\"wp-image-37229\" srcset=\"https:\/\/radiostudiow.com.br\/site\/wp-content\/uploads\/2025\/04\/BOROX.png 598w, https:\/\/radiostudiow.com.br\/site\/wp-content\/uploads\/2025\/04\/BOROX-300x102.png 300w\" sizes=\"auto, (max-width: 598px) 100vw, 598px\" \/><\/figure>\n","protected":false},"excerpt":{"rendered":"<p>Na madrugada do \u00faltimo s\u00e1bado, 24 de maio, por volta das 4h, uma equipe da Pol\u00edcia Militar foi acionada pela central do SAMU para prestar apoio em uma ocorr\u00eancia de urg\u00eancia em Mallet. Um homem havia solicitado atendimento m\u00e9dico, mas foi encontrado inconsciente, ca\u00eddo em via p\u00fablica. Diante da gravidade da situa\u00e7\u00e3o e dos sinais [&hellip;]<\/p>\n","protected":false},"author":2,"featured_media":34163,"comment_status":"open","ping_status":"open","sticky":false,"template":"","format":"standard","meta":{"footnotes":""},"categories":[2],"tags":[172],"class_list":["post-38795","post","type-post","status-publish","format-standard","has-post-thumbnail","hentry","category-policial","tag-featured"],"amp_enabled":true,"_links":{"self":[{"href":"https:\/\/radiostudiow.com.br\/site\/wp-json\/wp\/v2\/posts\/38795","targetHints":{"allow":["GET"]}}],"collection":[{"href":"https:\/\/radiostudiow.com.br\/site\/wp-json\/wp\/v2\/posts"}],"about":[{"href":"https:\/\/radiostudiow.com.br\/site\/wp-json\/wp\/v2\/types\/post"}],"author":[{"embeddable":true,"href":"https:\/\/radiostudiow.com.br\/site\/wp-json\/wp\/v2\/users\/2"}],"replies":[{"embeddable":true,"href":"https:\/\/radiostudiow.com.br\/site\/wp-json\/wp\/v2\/comments?post=38795"}],"version-history":[{"count":1,"href":"https:\/\/radiostudiow.com.br\/site\/wp-json\/wp\/v2\/posts\/38795\/revisions"}],"predecessor-version":[{"id":38796,"href":"https:\/\/radiostudiow.com.br\/site\/wp-json\/wp\/v2\/posts\/38795\/revisions\/38796"}],"wp:featuredmedia":[{"embeddable":true,"href":"https:\/\/radiostudiow.com.br\/site\/wp-json\/wp\/v2\/media\/34163"}],"wp:attachment":[{"href":"https:\/\/radiostudiow.com.br\/site\/wp-json\/wp\/v2\/media?parent=38795"}],"wp:term":[{"taxonomy":"category","embeddable":true,"href":"https:\/\/radiostudiow.com.br\/site\/wp-json\/wp\/v2\/categories?post=38795"},{"taxonomy":"post_tag","embeddable":true,"href":"https:\/\/radiostudiow.com.br\/site\/wp-json\/wp\/v2\/tags?post=38795"}],"curies":[{"name":"wp","href":"https:\/\/api.w.org\/{rel}","templated":true}]}}