{"id":38797,"date":"2025-05-28T10:58:07","date_gmt":"2025-05-28T13:58:07","guid":{"rendered":"https:\/\/radiostudiow.com.br\/site\/?p=38797"},"modified":"2025-05-28T10:58:08","modified_gmt":"2025-05-28T13:58:08","slug":"policia-e-acionada-para-possivel-caso-de-agressao-em-mallet-mas-situacao-envolve-desentendimento-familiar-e-danos-materiais","status":"publish","type":"post","link":"https:\/\/radiostudiow.com.br\/site\/2025\/05\/28\/policia-e-acionada-para-possivel-caso-de-agressao-em-mallet-mas-situacao-envolve-desentendimento-familiar-e-danos-materiais\/","title":{"rendered":"Pol\u00edcia \u00e9 acionada para poss\u00edvel caso de agress\u00e3o em Mallet, mas situa\u00e7\u00e3o envolve desentendimento familiar e danos materiais"},"content":{"rendered":"\n<figure class=\"wp-block-image size-full\"><img loading=\"lazy\" decoding=\"async\" width=\"897\" height=\"204\" src=\"https:\/\/radiostudiow.com.br\/site\/wp-content\/uploads\/2025\/05\/NUTRI-MALLET.png\" alt=\"\" class=\"wp-image-37813\" srcset=\"https:\/\/radiostudiow.com.br\/site\/wp-content\/uploads\/2025\/05\/NUTRI-MALLET.png 897w, https:\/\/radiostudiow.com.br\/site\/wp-content\/uploads\/2025\/05\/NUTRI-MALLET-300x68.png 300w, https:\/\/radiostudiow.com.br\/site\/wp-content\/uploads\/2025\/05\/NUTRI-MALLET-768x175.png 768w\" sizes=\"auto, (max-width: 897px) 100vw, 897px\" \/><\/figure>\n\n\n\n<p>Na madrugada deste domingo, 25 de maio, por volta das 2h30, uma equipe da Pol\u00edcia Militar foi acionada para verificar uma poss\u00edvel ocorr\u00eancia de les\u00e3o corporal no bairro Eldorado, em Mallet. O chamado foi feito por um vizinho, que relatou ter ouvido gritos e sons de objetos sendo quebrados, levantando suspeitas de que uma mulher estaria sendo agredida pelo marido dentro da resid\u00eancia.<\/p>\n\n\n\n<p>Ao chegarem ao local, os policiais foram recebidos por uma senhora, que se identificou como m\u00e3e da suposta v\u00edtima. Questionada sobre a den\u00fancia, a mulher informou que n\u00e3o se tratava de um caso de agress\u00e3o dom\u00e9stica, mas sim de um desentendimento familiar. Segundo seu relato, a filha havia chegado em casa em vis\u00edvel estado de embriaguez e, exaltada, come\u00e7ou a quebrar pratos e outros objetos da casa, dizendo ser a propriet\u00e1ria do im\u00f3vel.<\/p>\n\n\n\n<figure class=\"wp-block-image size-full\"><img loading=\"lazy\" decoding=\"async\" width=\"897\" height=\"204\" src=\"https:\/\/radiostudiow.com.br\/site\/wp-content\/uploads\/2025\/03\/image-62.png\" alt=\"\" class=\"wp-image-35859\" srcset=\"https:\/\/radiostudiow.com.br\/site\/wp-content\/uploads\/2025\/03\/image-62.png 897w, https:\/\/radiostudiow.com.br\/site\/wp-content\/uploads\/2025\/03\/image-62-300x68.png 300w, https:\/\/radiostudiow.com.br\/site\/wp-content\/uploads\/2025\/03\/image-62-768x175.png 768w\" sizes=\"auto, (max-width: 897px) 100vw, 897px\" \/><\/figure>\n\n\n\n<p>A m\u00e3e contou ainda que tentou conter a filha e pediu que ela parasse com os danos, mas n\u00e3o foi atendida. Quando a equipe policial chegou, a mulher envolvida na confus\u00e3o estava contida, abra\u00e7ada com o irm\u00e3o em um dos cantos da resid\u00eancia, ainda bastante alterada pelo consumo de \u00e1lcool.<\/p>\n\n\n\n<p>Diante da situa\u00e7\u00e3o, a PM informou \u00e0 propriet\u00e1ria do im\u00f3vel sobre a possibilidade de lavratura de um Termo Circunstanciado por dano ao patrim\u00f4nio. No entanto, a mulher preferiu n\u00e3o representar criminalmente contra a filha, solicitando apenas que ela se retirasse do local.<\/p>\n\n\n\n<figure class=\"wp-block-gallery has-nested-images columns-default is-cropped wp-block-gallery-1 is-layout-flex wp-block-gallery-is-layout-flex\">\n<figure class=\"wp-block-image size-large\"><img loading=\"lazy\" decoding=\"async\" width=\"300\" height=\"180\" data-id=\"38684\" src=\"https:\/\/radiostudiow.com.br\/site\/wp-content\/uploads\/2025\/05\/SITE-PEQUENO.jpg\" alt=\"\" class=\"wp-image-38684\"\/><\/figure>\n\n\n\n<figure class=\"wp-block-image size-full\"><img loading=\"lazy\" decoding=\"async\" width=\"300\" height=\"180\" data-id=\"37228\" src=\"https:\/\/radiostudiow.com.br\/site\/wp-content\/uploads\/2025\/04\/LOU.png\" alt=\"\" class=\"wp-image-37228\"\/><\/figure>\n<\/figure>\n\n\n\n<p>A filha concordou em sair da casa acompanhada do irm\u00e3o, e a equipe policial permaneceu na resid\u00eancia at\u00e9 que a retirada fosse conclu\u00edda, garantindo a seguran\u00e7a de todos os envolvidos. A m\u00e3e foi orientada quanto ao seu direito de representa\u00e7\u00e3o criminal e ao prazo legal de seis meses para eventual manifesta\u00e7\u00e3o formal sobre o caso. Um boletim de ocorr\u00eancia foi lavrado para registro da situa\u00e7\u00e3o.<\/p>\n","protected":false},"excerpt":{"rendered":"<p>Na madrugada deste domingo, 25 de maio, por volta das 2h30, uma equipe da Pol\u00edcia Militar foi acionada para verificar uma poss\u00edvel ocorr\u00eancia de les\u00e3o corporal no bairro Eldorado, em Mallet. O chamado foi feito por um vizinho, que relatou ter ouvido gritos e sons de objetos sendo quebrados, levantando suspeitas de que uma mulher [&hellip;]<\/p>\n","protected":false},"author":2,"featured_media":17329,"comment_status":"open","ping_status":"open","sticky":false,"template":"","format":"standard","meta":{"footnotes":""},"categories":[2],"tags":[172],"class_list":["post-38797","post","type-post","status-publish","format-standard","has-post-thumbnail","hentry","category-policial","tag-featured"],"amp_enabled":true,"_links":{"self":[{"href":"https:\/\/radiostudiow.com.br\/site\/wp-json\/wp\/v2\/posts\/38797","targetHints":{"allow":["GET"]}}],"collection":[{"href":"https:\/\/radiostudiow.com.br\/site\/wp-json\/wp\/v2\/posts"}],"about":[{"href":"https:\/\/radiostudiow.com.br\/site\/wp-json\/wp\/v2\/types\/post"}],"author":[{"embeddable":true,"href":"https:\/\/radiostudiow.com.br\/site\/wp-json\/wp\/v2\/users\/2"}],"replies":[{"embeddable":true,"href":"https:\/\/radiostudiow.com.br\/site\/wp-json\/wp\/v2\/comments?post=38797"}],"version-history":[{"count":1,"href":"https:\/\/radiostudiow.com.br\/site\/wp-json\/wp\/v2\/posts\/38797\/revisions"}],"predecessor-version":[{"id":38798,"href":"https:\/\/radiostudiow.com.br\/site\/wp-json\/wp\/v2\/posts\/38797\/revisions\/38798"}],"wp:featuredmedia":[{"embeddable":true,"href":"https:\/\/radiostudiow.com.br\/site\/wp-json\/wp\/v2\/media\/17329"}],"wp:attachment":[{"href":"https:\/\/radiostudiow.com.br\/site\/wp-json\/wp\/v2\/media?parent=38797"}],"wp:term":[{"taxonomy":"category","embeddable":true,"href":"https:\/\/radiostudiow.com.br\/site\/wp-json\/wp\/v2\/categories?post=38797"},{"taxonomy":"post_tag","embeddable":true,"href":"https:\/\/radiostudiow.com.br\/site\/wp-json\/wp\/v2\/tags?post=38797"}],"curies":[{"name":"wp","href":"https:\/\/api.w.org\/{rel}","templated":true}]}}