{"id":38799,"date":"2025-05-28T11:00:29","date_gmt":"2025-05-28T14:00:29","guid":{"rendered":"https:\/\/radiostudiow.com.br\/site\/?p=38799"},"modified":"2025-05-28T11:00:30","modified_gmt":"2025-05-28T14:00:30","slug":"falta-de-responsavel-para-receber-crianca-de-3-anos-mobiliza-conselho-tutelar-em-mallet","status":"publish","type":"post","link":"https:\/\/radiostudiow.com.br\/site\/2025\/05\/28\/falta-de-responsavel-para-receber-crianca-de-3-anos-mobiliza-conselho-tutelar-em-mallet\/","title":{"rendered":"Falta de respons\u00e1vel para receber crian\u00e7a de 3 anos mobiliza Conselho Tutelar em Mallet"},"content":{"rendered":"\n<figure class=\"wp-block-image size-full\"><img loading=\"lazy\" decoding=\"async\" width=\"897\" height=\"204\" src=\"https:\/\/radiostudiow.com.br\/site\/wp-content\/uploads\/2025\/02\/SITE-GRANDE7.png\" alt=\"\" class=\"wp-image-33861\" srcset=\"https:\/\/radiostudiow.com.br\/site\/wp-content\/uploads\/2025\/02\/SITE-GRANDE7.png 897w, https:\/\/radiostudiow.com.br\/site\/wp-content\/uploads\/2025\/02\/SITE-GRANDE7-300x68.png 300w, https:\/\/radiostudiow.com.br\/site\/wp-content\/uploads\/2025\/02\/SITE-GRANDE7-768x175.png 768w\" sizes=\"auto, (max-width: 897px) 100vw, 897px\" \/><\/figure>\n\n\n\n<p>Na tarde desta segunda-feira, 26 de maio, por volta das 16h, um motorista do transporte escolar da Prefeitura de Mallet procurou o 3\u00ba Pelot\u00e3o da Pol\u00edcia Militar acompanhado de uma crian\u00e7a de apenas tr\u00eas anos de idade. Segundo o relato do condutor, ao realizar o desembarque da aluna no Distrito de Dorizon, encontrou a resid\u00eancia fechada e sem nenhum respons\u00e1vel no local para receb\u00ea-la.<\/p>\n\n\n\n<p>O motorista destacou ainda que essa n\u00e3o foi a primeira vez que a situa\u00e7\u00e3o ocorreu: somente neste ano, essa j\u00e1 \u00e9 a terceira vez em que a mesma crian\u00e7a \u00e9 deixada sem supervis\u00e3o na chegada do transporte escolar.<\/p>\n\n\n\n<figure class=\"wp-block-image size-full\"><img loading=\"lazy\" decoding=\"async\" width=\"897\" height=\"204\" src=\"https:\/\/radiostudiow.com.br\/site\/wp-content\/uploads\/2025\/01\/SITE-GRANDE.png\" alt=\"\" class=\"wp-image-32809\" srcset=\"https:\/\/radiostudiow.com.br\/site\/wp-content\/uploads\/2025\/01\/SITE-GRANDE.png 897w, https:\/\/radiostudiow.com.br\/site\/wp-content\/uploads\/2025\/01\/SITE-GRANDE-300x68.png 300w, https:\/\/radiostudiow.com.br\/site\/wp-content\/uploads\/2025\/01\/SITE-GRANDE-768x175.png 768w\" sizes=\"auto, (max-width: 897px) 100vw, 897px\" \/><\/figure>\n\n\n\n<p>Diante da gravidade do caso e da reincid\u00eancia da neglig\u00eancia, a equipe da Pol\u00edcia Militar acionou imediatamente o Conselho Tutelar de Mallet, que compareceu ao pelot\u00e3o e assumiu a responsabilidade tempor\u00e1ria pela menor.<\/p>\n\n\n\n<p>O boletim de ocorr\u00eancia foi encaminhado \u00e0s autoridades competentes. O Conselho Tutelar dar\u00e1 seguimento \u00e0s medidas cab\u00edveis quanto \u00e0 conduta da m\u00e3e da crian\u00e7a.<\/p>\n\n\n\n<figure class=\"wp-block-image size-full\"><img loading=\"lazy\" decoding=\"async\" width=\"897\" height=\"204\" src=\"https:\/\/radiostudiow.com.br\/site\/wp-content\/uploads\/2025\/03\/BARAO-NOVO-NOTICIAS-1.jpg\" alt=\"\" class=\"wp-image-35084\" srcset=\"https:\/\/radiostudiow.com.br\/site\/wp-content\/uploads\/2025\/03\/BARAO-NOVO-NOTICIAS-1.jpg 897w, https:\/\/radiostudiow.com.br\/site\/wp-content\/uploads\/2025\/03\/BARAO-NOVO-NOTICIAS-1-300x68.jpg 300w, https:\/\/radiostudiow.com.br\/site\/wp-content\/uploads\/2025\/03\/BARAO-NOVO-NOTICIAS-1-768x175.jpg 768w\" sizes=\"auto, (max-width: 897px) 100vw, 897px\" \/><\/figure>\n\n\n\n<p>O caso tamb\u00e9m ser\u00e1 analisado pela Pol\u00edcia Judici\u00e1ria, que poder\u00e1 adotar provid\u00eancias legais em rela\u00e7\u00e3o \u00e0 poss\u00edvel neglig\u00eancia.<\/p>\n\n\n\n<p>O fato levanta um alerta sobre a responsabilidade dos respons\u00e1veis legais em garantir a seguran\u00e7a das crian\u00e7as, especialmente em situa\u00e7\u00f5es de retorno da escola, que exigem a presen\u00e7a de um adulto para o acolhimento.<\/p>\n","protected":false},"excerpt":{"rendered":"<p>Na tarde desta segunda-feira, 26 de maio, por volta das 16h, um motorista do transporte escolar da Prefeitura de Mallet procurou o 3\u00ba Pelot\u00e3o da Pol\u00edcia Militar acompanhado de uma crian\u00e7a de apenas tr\u00eas anos de idade. Segundo o relato do condutor, ao realizar o desembarque da aluna no Distrito de Dorizon, encontrou a resid\u00eancia [&hellip;]<\/p>\n","protected":false},"author":2,"featured_media":34163,"comment_status":"open","ping_status":"open","sticky":false,"template":"","format":"standard","meta":{"footnotes":""},"categories":[2],"tags":[172],"class_list":["post-38799","post","type-post","status-publish","format-standard","has-post-thumbnail","hentry","category-policial","tag-featured"],"amp_enabled":true,"_links":{"self":[{"href":"https:\/\/radiostudiow.com.br\/site\/wp-json\/wp\/v2\/posts\/38799","targetHints":{"allow":["GET"]}}],"collection":[{"href":"https:\/\/radiostudiow.com.br\/site\/wp-json\/wp\/v2\/posts"}],"about":[{"href":"https:\/\/radiostudiow.com.br\/site\/wp-json\/wp\/v2\/types\/post"}],"author":[{"embeddable":true,"href":"https:\/\/radiostudiow.com.br\/site\/wp-json\/wp\/v2\/users\/2"}],"replies":[{"embeddable":true,"href":"https:\/\/radiostudiow.com.br\/site\/wp-json\/wp\/v2\/comments?post=38799"}],"version-history":[{"count":1,"href":"https:\/\/radiostudiow.com.br\/site\/wp-json\/wp\/v2\/posts\/38799\/revisions"}],"predecessor-version":[{"id":38800,"href":"https:\/\/radiostudiow.com.br\/site\/wp-json\/wp\/v2\/posts\/38799\/revisions\/38800"}],"wp:featuredmedia":[{"embeddable":true,"href":"https:\/\/radiostudiow.com.br\/site\/wp-json\/wp\/v2\/media\/34163"}],"wp:attachment":[{"href":"https:\/\/radiostudiow.com.br\/site\/wp-json\/wp\/v2\/media?parent=38799"}],"wp:term":[{"taxonomy":"category","embeddable":true,"href":"https:\/\/radiostudiow.com.br\/site\/wp-json\/wp\/v2\/categories?post=38799"},{"taxonomy":"post_tag","embeddable":true,"href":"https:\/\/radiostudiow.com.br\/site\/wp-json\/wp\/v2\/tags?post=38799"}],"curies":[{"name":"wp","href":"https:\/\/api.w.org\/{rel}","templated":true}]}}