{"id":38817,"date":"2025-05-29T10:22:05","date_gmt":"2025-05-29T13:22:05","guid":{"rendered":"https:\/\/radiostudiow.com.br\/site\/?p=38817"},"modified":"2025-05-29T10:22:05","modified_gmt":"2025-05-29T13:22:05","slug":"residencia-pega-fogo-em-bituruna-e-pessoa-ficou-ferida","status":"publish","type":"post","link":"https:\/\/radiostudiow.com.br\/site\/2025\/05\/29\/residencia-pega-fogo-em-bituruna-e-pessoa-ficou-ferida\/","title":{"rendered":"Resid\u00eancia pega fogo em Bituruna e pessoa ficou ferida"},"content":{"rendered":"\n<figure class=\"wp-block-image size-full\"><img loading=\"lazy\" decoding=\"async\" width=\"598\" height=\"204\" src=\"https:\/\/radiostudiow.com.br\/site\/wp-content\/uploads\/2025\/05\/BEAZY.jpg.png\" alt=\"\" class=\"wp-image-38197\" srcset=\"https:\/\/radiostudiow.com.br\/site\/wp-content\/uploads\/2025\/05\/BEAZY.jpg.png 598w, https:\/\/radiostudiow.com.br\/site\/wp-content\/uploads\/2025\/05\/BEAZY.jpg-300x102.png 300w\" sizes=\"auto, (max-width: 598px) 100vw, 598px\" \/><\/figure>\n\n\n\n<p>A equipe da Pol\u00edcia Militar de Bituruna foi acionada por populares ap\u00f3s o relato de um\u00a0inc\u00eandio em uma resid\u00eancia\u00a0no\u00a0bairro S\u00e3o Jo\u00e3o na noite desta quarta-feira (28).<\/p>\n\n\n\n<p>A Defesa Civil foi mobilizada e conseguiu conter as chamas antes que o fogo se alastrasse ainda mais.<\/p>\n\n\n\n<p>No local, a moradora informou que estava ingerindo\u00a0bebida alco\u00f3lica com familiares quando notou o in\u00edcio do inc\u00eandio, mas n\u00e3o soube identificar a causa do fogo.<\/p>\n\n\n\n<figure class=\"wp-block-image size-large is-resized\"><img loading=\"lazy\" decoding=\"async\" width=\"1024\" height=\"614\" src=\"https:\/\/radiostudiow.com.br\/site\/wp-content\/uploads\/2025\/05\/5914fcac-c2b4-4795-a120-dc162c4a6466-1024x614.jpg\" alt=\"\" class=\"wp-image-38784\" style=\"width:414px;height:auto\" srcset=\"https:\/\/radiostudiow.com.br\/site\/wp-content\/uploads\/2025\/05\/5914fcac-c2b4-4795-a120-dc162c4a6466-1024x614.jpg 1024w, https:\/\/radiostudiow.com.br\/site\/wp-content\/uploads\/2025\/05\/5914fcac-c2b4-4795-a120-dc162c4a6466-300x180.jpg 300w, https:\/\/radiostudiow.com.br\/site\/wp-content\/uploads\/2025\/05\/5914fcac-c2b4-4795-a120-dc162c4a6466-768x460.jpg 768w, https:\/\/radiostudiow.com.br\/site\/wp-content\/uploads\/2025\/05\/5914fcac-c2b4-4795-a120-dc162c4a6466-1536x921.jpg 1536w, https:\/\/radiostudiow.com.br\/site\/wp-content\/uploads\/2025\/05\/5914fcac-c2b4-4795-a120-dc162c4a6466-1000x600.jpg 1000w, https:\/\/radiostudiow.com.br\/site\/wp-content\/uploads\/2025\/05\/5914fcac-c2b4-4795-a120-dc162c4a6466-590x354.jpg 590w, https:\/\/radiostudiow.com.br\/site\/wp-content\/uploads\/2025\/05\/5914fcac-c2b4-4795-a120-dc162c4a6466-400x240.jpg 400w, https:\/\/radiostudiow.com.br\/site\/wp-content\/uploads\/2025\/05\/5914fcac-c2b4-4795-a120-dc162c4a6466.jpg 1600w\" sizes=\"auto, (max-width: 1024px) 100vw, 1024px\" \/><\/figure>\n\n\n\n<p>Uma das familiares presentes tentou resgatar pertences da casa,\u00a0acabou sofrendo queimaduras nas m\u00e3os e inalou fuma\u00e7a. Ela foi imediatamente encaminhada ao Hospital S\u00e3o Vicente de Paula, onde recebeu atendimento m\u00e9dico.<\/p>\n\n\n\n<p>Ap\u00f3s o ocorrido, tanto a moradora quanto a familiar ferida foram acolhidas no albergue municipal.<\/p>\n\n\n\n<p>As causas do inc\u00eandio ainda ser\u00e3o investigadas pelas autoridades competentes.<\/p>\n\n\n\n<figure class=\"wp-block-video\"><video height=\"854\" style=\"aspect-ratio: 480 \/ 854;\" width=\"480\" controls src=\"https:\/\/radiostudiow.com.br\/site\/wp-content\/uploads\/2025\/05\/snapinsta.com_.br-6838374dc3e4a.mp4\"><\/video><\/figure>\n","protected":false},"excerpt":{"rendered":"<p>A equipe da Pol\u00edcia Militar de Bituruna foi acionada por populares ap\u00f3s o relato de um\u00a0inc\u00eandio em uma resid\u00eancia\u00a0no\u00a0bairro S\u00e3o Jo\u00e3o na noite desta quarta-feira (28). A Defesa Civil foi mobilizada e conseguiu conter as chamas antes que o fogo se alastrasse ainda mais. No local, a moradora informou que estava ingerindo\u00a0bebida alco\u00f3lica com familiares [&hellip;]<\/p>\n","protected":false},"author":2,"featured_media":38819,"comment_status":"open","ping_status":"open","sticky":false,"template":"","format":"standard","meta":{"footnotes":""},"categories":[185],"tags":[172],"class_list":["post-38817","post","type-post","status-publish","format-standard","has-post-thumbnail","hentry","category-regional","tag-featured"],"amp_enabled":true,"_links":{"self":[{"href":"https:\/\/radiostudiow.com.br\/site\/wp-json\/wp\/v2\/posts\/38817","targetHints":{"allow":["GET"]}}],"collection":[{"href":"https:\/\/radiostudiow.com.br\/site\/wp-json\/wp\/v2\/posts"}],"about":[{"href":"https:\/\/radiostudiow.com.br\/site\/wp-json\/wp\/v2\/types\/post"}],"author":[{"embeddable":true,"href":"https:\/\/radiostudiow.com.br\/site\/wp-json\/wp\/v2\/users\/2"}],"replies":[{"embeddable":true,"href":"https:\/\/radiostudiow.com.br\/site\/wp-json\/wp\/v2\/comments?post=38817"}],"version-history":[{"count":1,"href":"https:\/\/radiostudiow.com.br\/site\/wp-json\/wp\/v2\/posts\/38817\/revisions"}],"predecessor-version":[{"id":38820,"href":"https:\/\/radiostudiow.com.br\/site\/wp-json\/wp\/v2\/posts\/38817\/revisions\/38820"}],"wp:featuredmedia":[{"embeddable":true,"href":"https:\/\/radiostudiow.com.br\/site\/wp-json\/wp\/v2\/media\/38819"}],"wp:attachment":[{"href":"https:\/\/radiostudiow.com.br\/site\/wp-json\/wp\/v2\/media?parent=38817"}],"wp:term":[{"taxonomy":"category","embeddable":true,"href":"https:\/\/radiostudiow.com.br\/site\/wp-json\/wp\/v2\/categories?post=38817"},{"taxonomy":"post_tag","embeddable":true,"href":"https:\/\/radiostudiow.com.br\/site\/wp-json\/wp\/v2\/tags?post=38817"}],"curies":[{"name":"wp","href":"https:\/\/api.w.org\/{rel}","templated":true}]}}