{"id":38838,"date":"2025-05-29T11:38:25","date_gmt":"2025-05-29T14:38:25","guid":{"rendered":"https:\/\/radiostudiow.com.br\/site\/?p=38838"},"modified":"2025-05-29T11:38:26","modified_gmt":"2025-05-29T14:38:26","slug":"policia-militar-de-bituruna-cumpre-mandado-de-prisao-durante-patrulhamento","status":"publish","type":"post","link":"https:\/\/radiostudiow.com.br\/site\/2025\/05\/29\/policia-militar-de-bituruna-cumpre-mandado-de-prisao-durante-patrulhamento\/","title":{"rendered":"Pol\u00edcia Militar de Bituruna cumpre mandado de pris\u00e3o durante patrulhamento"},"content":{"rendered":"\n<p>A equipe da Pol\u00edcia Militar de Bituruna estava em patrulhamento na \u00e1rea central por volta das 11 horas dessa quarta-feira, 28 de maio, quando abordou um indiv\u00edduo contra o qual havia um mandado de pris\u00e3o em aberto.<\/p>\n\n\n\n<figure class=\"wp-block-image size-full\"><img loading=\"lazy\" decoding=\"async\" width=\"897\" height=\"204\" src=\"https:\/\/radiostudiow.com.br\/site\/wp-content\/uploads\/2025\/01\/SITE-GRANDE3.png\" alt=\"\" class=\"wp-image-32900\" srcset=\"https:\/\/radiostudiow.com.br\/site\/wp-content\/uploads\/2025\/01\/SITE-GRANDE3.png 897w, https:\/\/radiostudiow.com.br\/site\/wp-content\/uploads\/2025\/01\/SITE-GRANDE3-300x68.png 300w, https:\/\/radiostudiow.com.br\/site\/wp-content\/uploads\/2025\/01\/SITE-GRANDE3-768x175.png 768w\" sizes=\"auto, (max-width: 897px) 100vw, 897px\" \/><\/figure>\n\n\n\n<p>Ap\u00f3s a confirma\u00e7\u00e3o, foi dada voz de pris\u00e3o e garantidos os direitos constitucionais do detido. Ap\u00f3s foi encaminhado ao Hospital S\u00e3o Vicente de Paula para arealiza\u00e7\u00e3o de exame de corpo de delito e, posteriormente, entregue ao DEPEN de Uni\u00e3o da Vit\u00f3ria paraas provid\u00eancias legais.<\/p>\n","protected":false},"excerpt":{"rendered":"<p>A equipe da Pol\u00edcia Militar de Bituruna estava em patrulhamento na \u00e1rea central por volta das 11 horas dessa quarta-feira, 28 de maio, quando abordou um indiv\u00edduo contra o qual havia um mandado de pris\u00e3o em aberto. Ap\u00f3s a confirma\u00e7\u00e3o, foi dada voz de pris\u00e3o e garantidos os direitos constitucionais do detido. Ap\u00f3s foi encaminhado [&hellip;]<\/p>\n","protected":false},"author":2,"featured_media":28753,"comment_status":"open","ping_status":"open","sticky":false,"template":"","format":"standard","meta":{"footnotes":""},"categories":[2],"tags":[172],"class_list":["post-38838","post","type-post","status-publish","format-standard","has-post-thumbnail","hentry","category-policial","tag-featured"],"amp_enabled":true,"_links":{"self":[{"href":"https:\/\/radiostudiow.com.br\/site\/wp-json\/wp\/v2\/posts\/38838","targetHints":{"allow":["GET"]}}],"collection":[{"href":"https:\/\/radiostudiow.com.br\/site\/wp-json\/wp\/v2\/posts"}],"about":[{"href":"https:\/\/radiostudiow.com.br\/site\/wp-json\/wp\/v2\/types\/post"}],"author":[{"embeddable":true,"href":"https:\/\/radiostudiow.com.br\/site\/wp-json\/wp\/v2\/users\/2"}],"replies":[{"embeddable":true,"href":"https:\/\/radiostudiow.com.br\/site\/wp-json\/wp\/v2\/comments?post=38838"}],"version-history":[{"count":2,"href":"https:\/\/radiostudiow.com.br\/site\/wp-json\/wp\/v2\/posts\/38838\/revisions"}],"predecessor-version":[{"id":38840,"href":"https:\/\/radiostudiow.com.br\/site\/wp-json\/wp\/v2\/posts\/38838\/revisions\/38840"}],"wp:featuredmedia":[{"embeddable":true,"href":"https:\/\/radiostudiow.com.br\/site\/wp-json\/wp\/v2\/media\/28753"}],"wp:attachment":[{"href":"https:\/\/radiostudiow.com.br\/site\/wp-json\/wp\/v2\/media?parent=38838"}],"wp:term":[{"taxonomy":"category","embeddable":true,"href":"https:\/\/radiostudiow.com.br\/site\/wp-json\/wp\/v2\/categories?post=38838"},{"taxonomy":"post_tag","embeddable":true,"href":"https:\/\/radiostudiow.com.br\/site\/wp-json\/wp\/v2\/tags?post=38838"}],"curies":[{"name":"wp","href":"https:\/\/api.w.org\/{rel}","templated":true}]}}