{"id":3884,"date":"2021-10-02T10:42:03","date_gmt":"2021-10-02T13:42:03","guid":{"rendered":"https:\/\/radiostudiow.com.br\/site\/?p=3884"},"modified":"2025-01-31T15:12:26","modified_gmt":"2025-01-31T18:12:26","slug":"bombeiros-comunitarios-de-mallet-atendem-a-mais-um-acidente-na-br-153","status":"publish","type":"post","link":"https:\/\/radiostudiow.com.br\/site\/2021\/10\/02\/bombeiros-comunitarios-de-mallet-atendem-a-mais-um-acidente-na-br-153\/","title":{"rendered":"BOMBEIROS COMUNIT\u00c1RIOS DE MALLET ATENDEM A MAIS UM ACIDENTE NA BR 153"},"content":{"rendered":"\n<p>Na noite desta sexta-feira 01 de outubro, mais um acidente foi registrado na rodovia BR 153 aqui no munic\u00edpio de Mallet.<\/p>\n\n\n\n<p><br>Por volta das 20:20 horas , os Bombeiros Comunit\u00e1rios aqui da cidade foram acionados com a informa\u00e7\u00e3o de que um autom\u00f3vel teria ca\u00eddo fora da pista no trecho conhecido como \u201cDescida das \u00c1guas\u201d sentido a Dorizon.<\/p>\n\n\n\n<p><br>De imediato a equipe se deslocou com o auxilio da ambul\u00e2ncia de plant\u00e3o da secretaria de sa\u00fade, para realizar os primeiros socorros.<br>Chegando ao local os agentes se depararam com um ve\u00edculo, bastante destru\u00eddo, placas de Mallet tombado e com dif\u00edcil acesso ao local.<\/p>\n\n\n\n<figure class=\"wp-block-image size-large\"><img decoding=\"async\" src=\"https:\/\/radiostudiow.com.br\/site\/wp-content\/uploads\/2021\/10\/243330150_3019331355008022_3068902665236365771_n-1024x535.jpg\" alt=\"\" class=\"wp-image-3885\"\/><\/figure>\n\n\n\n<figure class=\"wp-block-image size-large\"><img loading=\"lazy\" decoding=\"async\" width=\"1024\" height=\"768\" src=\"https:\/\/radiostudiow.com.br\/site\/wp-content\/uploads\/2021\/10\/IMG-20211002-WA0022-1024x768.jpg\" alt=\"\" class=\"wp-image-3893\" srcset=\"https:\/\/radiostudiow.com.br\/site\/wp-content\/uploads\/2021\/10\/IMG-20211002-WA0022-1024x768.jpg 1024w, https:\/\/radiostudiow.com.br\/site\/wp-content\/uploads\/2021\/10\/IMG-20211002-WA0022-300x225.jpg 300w, https:\/\/radiostudiow.com.br\/site\/wp-content\/uploads\/2021\/10\/IMG-20211002-WA0022-768x576.jpg 768w, https:\/\/radiostudiow.com.br\/site\/wp-content\/uploads\/2021\/10\/IMG-20211002-WA0022-1536x1152.jpg 1536w, https:\/\/radiostudiow.com.br\/site\/wp-content\/uploads\/2021\/10\/IMG-20211002-WA0022.jpg 1600w\" sizes=\"auto, (max-width: 1024px) 100vw, 1024px\" \/><\/figure>\n\n\n\n<p><br>Os bombeiros Comunit\u00e1rios realizaram os primeiros atendimentos, retirando o condutor que estava consciente, mas apresentava uma les\u00e3o na cabe\u00e7a.<\/p>\n\n\n\n<p><br>A v\u00edtima de 29 anos morador do interior de Mallet, foi encaminhado para o Hospital S\u00e3o Pedro e na sequencia devido a gravidade do acidente foi encaminhado para a Santa Casa de Irati.<\/p>\n\n\n\n<figure class=\"wp-block-gallery columns-3 is-cropped wp-block-gallery-1 is-layout-flex wp-block-gallery-is-layout-flex\"><ul class=\"blocks-gallery-grid\"><li class=\"blocks-gallery-item\"><figure><img decoding=\"async\" src=\"https:\/\/radiostudiow.com.br\/site\/wp-content\/uploads\/2021\/10\/IMG-20211002-WA0023-768x1024.jpg\" alt=\"\" data-id=\"3887\" data-full-url=\"https:\/\/radiostudiow.com.br\/site\/wp-content\/uploads\/2021\/10\/IMG-20211002-WA0023.jpg\" data-link=\"https:\/\/radiostudiow.com.br\/site\/?attachment_id=3887\" class=\"wp-image-3887\"\/><\/figure><\/li><li class=\"blocks-gallery-item\"><figure><img loading=\"lazy\" decoding=\"async\" width=\"768\" height=\"1024\" src=\"https:\/\/radiostudiow.com.br\/site\/wp-content\/uploads\/2021\/10\/IMG-20211002-WA0026-768x1024.jpg\" alt=\"\" data-id=\"3888\" data-full-url=\"https:\/\/radiostudiow.com.br\/site\/wp-content\/uploads\/2021\/10\/IMG-20211002-WA0026.jpg\" data-link=\"https:\/\/radiostudiow.com.br\/site\/?attachment_id=3888\" class=\"wp-image-3888\" srcset=\"https:\/\/radiostudiow.com.br\/site\/wp-content\/uploads\/2021\/10\/IMG-20211002-WA0026-768x1023.jpg 768w, https:\/\/radiostudiow.com.br\/site\/wp-content\/uploads\/2021\/10\/IMG-20211002-WA0026-225x300.jpg 225w, https:\/\/radiostudiow.com.br\/site\/wp-content\/uploads\/2021\/10\/IMG-20211002-WA0026-1153x1536.jpg 1153w, https:\/\/radiostudiow.com.br\/site\/wp-content\/uploads\/2021\/10\/IMG-20211002-WA0026.jpg 1200w\" sizes=\"auto, (max-width: 768px) 100vw, 768px\" \/><\/figure><\/li><li class=\"blocks-gallery-item\"><figure><img decoding=\"async\" src=\"https:\/\/radiostudiow.com.br\/site\/wp-content\/uploads\/2021\/10\/IMG-20211002-WA0027-768x1024.jpg\" alt=\"\" data-id=\"3889\" data-full-url=\"https:\/\/radiostudiow.com.br\/site\/wp-content\/uploads\/2021\/10\/IMG-20211002-WA0027.jpg\" data-link=\"https:\/\/radiostudiow.com.br\/site\/?attachment_id=3889\" class=\"wp-image-3889\"\/><\/figure><\/li><li class=\"blocks-gallery-item\"><figure><img decoding=\"async\" src=\"https:\/\/radiostudiow.com.br\/site\/wp-content\/uploads\/2021\/10\/IMG-20211002-WA0028-768x1024.jpg\" alt=\"\" data-id=\"3890\" data-full-url=\"https:\/\/radiostudiow.com.br\/site\/wp-content\/uploads\/2021\/10\/IMG-20211002-WA0028.jpg\" data-link=\"https:\/\/radiostudiow.com.br\/site\/?attachment_id=3890\" class=\"wp-image-3890\"\/><\/figure><\/li><li class=\"blocks-gallery-item\"><figure><img decoding=\"async\" src=\"https:\/\/radiostudiow.com.br\/site\/wp-content\/uploads\/2021\/10\/IMG-20211002-WA0029-768x1024.jpg\" alt=\"\" data-id=\"3891\" data-full-url=\"https:\/\/radiostudiow.com.br\/site\/wp-content\/uploads\/2021\/10\/IMG-20211002-WA0029.jpg\" data-link=\"https:\/\/radiostudiow.com.br\/site\/?attachment_id=3891\" class=\"wp-image-3891\"\/><\/figure><\/li><li class=\"blocks-gallery-item\"><figure><img decoding=\"async\" src=\"https:\/\/radiostudiow.com.br\/site\/wp-content\/uploads\/2021\/10\/IMG-20211002-WA0030-768x1024.jpg\" alt=\"\" data-id=\"3892\" data-full-url=\"https:\/\/radiostudiow.com.br\/site\/wp-content\/uploads\/2021\/10\/IMG-20211002-WA0030.jpg\" data-link=\"https:\/\/radiostudiow.com.br\/site\/?attachment_id=3892\" class=\"wp-image-3892\"\/><\/figure><\/li><\/ul><\/figure>\n\n\n\n<figure class=\"wp-block-image size-full\"><img decoding=\"async\" src=\"https:\/\/radiostudiow.com.br\/site\/wp-content\/uploads\/2021\/08\/vem_ai-1.jpg\" alt=\"\" class=\"wp-image-3387\"\/><\/figure>\n","protected":false},"excerpt":{"rendered":"<p>Na noite desta sexta-feira 01 de outubro, mais um acidente foi registrado na rodovia BR 153 aqui no munic\u00edpio de Mallet. Por volta das 20:20 horas , os Bombeiros Comunit\u00e1rios aqui da cidade foram acionados com a informa\u00e7\u00e3o de que um autom\u00f3vel teria ca\u00eddo fora da pista no trecho conhecido como \u201cDescida das \u00c1guas\u201d sentido [&hellip;]<\/p>\n","protected":false},"author":2,"featured_media":0,"comment_status":"open","ping_status":"open","sticky":false,"template":"","format":"standard","meta":{"footnotes":""},"categories":[2],"tags":[172],"class_list":["post-3884","post","type-post","status-publish","format-standard","hentry","category-policial","tag-featured"],"amp_enabled":true,"_links":{"self":[{"href":"https:\/\/radiostudiow.com.br\/site\/wp-json\/wp\/v2\/posts\/3884","targetHints":{"allow":["GET"]}}],"collection":[{"href":"https:\/\/radiostudiow.com.br\/site\/wp-json\/wp\/v2\/posts"}],"about":[{"href":"https:\/\/radiostudiow.com.br\/site\/wp-json\/wp\/v2\/types\/post"}],"author":[{"embeddable":true,"href":"https:\/\/radiostudiow.com.br\/site\/wp-json\/wp\/v2\/users\/2"}],"replies":[{"embeddable":true,"href":"https:\/\/radiostudiow.com.br\/site\/wp-json\/wp\/v2\/comments?post=3884"}],"version-history":[{"count":1,"href":"https:\/\/radiostudiow.com.br\/site\/wp-json\/wp\/v2\/posts\/3884\/revisions"}],"predecessor-version":[{"id":3894,"href":"https:\/\/radiostudiow.com.br\/site\/wp-json\/wp\/v2\/posts\/3884\/revisions\/3894"}],"wp:attachment":[{"href":"https:\/\/radiostudiow.com.br\/site\/wp-json\/wp\/v2\/media?parent=3884"}],"wp:term":[{"taxonomy":"category","embeddable":true,"href":"https:\/\/radiostudiow.com.br\/site\/wp-json\/wp\/v2\/categories?post=3884"},{"taxonomy":"post_tag","embeddable":true,"href":"https:\/\/radiostudiow.com.br\/site\/wp-json\/wp\/v2\/tags?post=3884"}],"curies":[{"name":"wp","href":"https:\/\/api.w.org\/{rel}","templated":true}]}}