{"id":38841,"date":"2025-05-29T11:44:22","date_gmt":"2025-05-29T14:44:22","guid":{"rendered":"https:\/\/radiostudiow.com.br\/site\/?p=38841"},"modified":"2025-05-29T11:44:22","modified_gmt":"2025-05-29T14:44:22","slug":"suspeito-de-homicidio-e-preso-em-general-carneiro","status":"publish","type":"post","link":"https:\/\/radiostudiow.com.br\/site\/2025\/05\/29\/suspeito-de-homicidio-e-preso-em-general-carneiro\/","title":{"rendered":"Suspeito de homic\u00eddio \u00e9 preso em General Carneiro"},"content":{"rendered":"\n<figure class=\"wp-block-image size-full\"><img loading=\"lazy\" decoding=\"async\" width=\"897\" height=\"204\" src=\"https:\/\/radiostudiow.com.br\/site\/wp-content\/uploads\/2025\/05\/NUTRI-MALLET.png\" alt=\"\" class=\"wp-image-37813\" srcset=\"https:\/\/radiostudiow.com.br\/site\/wp-content\/uploads\/2025\/05\/NUTRI-MALLET.png 897w, https:\/\/radiostudiow.com.br\/site\/wp-content\/uploads\/2025\/05\/NUTRI-MALLET-300x68.png 300w, https:\/\/radiostudiow.com.br\/site\/wp-content\/uploads\/2025\/05\/NUTRI-MALLET-768x175.png 768w\" sizes=\"auto, (max-width: 897px) 100vw, 897px\" \/><\/figure>\n\n\n\n<p>A equipe da Pol\u00edcia Militar de General Carneiro prendeu suspeito de homic\u00eddio por volta das 15 horas dessa quarta-feira (28).<\/p>\n\n\n\n<p>Durante patrulhamento ostensivo na \u00e1rea central, a equipe policial visualizou um indiv\u00edduo em via p\u00fablica, o qual possui mandado de pris\u00e3o em aberto pelo crime de homic\u00eddio.<\/p>\n\n\n\n<p>Ap\u00f3s a abordagem, foram lidos seus direitos constitucionais e ele foi encaminhado \u00e0 cadeia p\u00fablica de Uni\u00e3o da Vit\u00f3ria para as provid\u00eancias legais.<\/p>\n","protected":false},"excerpt":{"rendered":"<p>A equipe da Pol\u00edcia Militar de General Carneiro prendeu suspeito de homic\u00eddio por volta das 15 horas dessa quarta-feira (28). Durante patrulhamento ostensivo na \u00e1rea central, a equipe policial visualizou um indiv\u00edduo em via p\u00fablica, o qual possui mandado de pris\u00e3o em aberto pelo crime de homic\u00eddio. Ap\u00f3s a abordagem, foram lidos seus direitos constitucionais [&hellip;]<\/p>\n","protected":false},"author":2,"featured_media":32845,"comment_status":"open","ping_status":"open","sticky":false,"template":"","format":"standard","meta":{"footnotes":""},"categories":[2],"tags":[172],"class_list":["post-38841","post","type-post","status-publish","format-standard","has-post-thumbnail","hentry","category-policial","tag-featured"],"amp_enabled":true,"_links":{"self":[{"href":"https:\/\/radiostudiow.com.br\/site\/wp-json\/wp\/v2\/posts\/38841","targetHints":{"allow":["GET"]}}],"collection":[{"href":"https:\/\/radiostudiow.com.br\/site\/wp-json\/wp\/v2\/posts"}],"about":[{"href":"https:\/\/radiostudiow.com.br\/site\/wp-json\/wp\/v2\/types\/post"}],"author":[{"embeddable":true,"href":"https:\/\/radiostudiow.com.br\/site\/wp-json\/wp\/v2\/users\/2"}],"replies":[{"embeddable":true,"href":"https:\/\/radiostudiow.com.br\/site\/wp-json\/wp\/v2\/comments?post=38841"}],"version-history":[{"count":2,"href":"https:\/\/radiostudiow.com.br\/site\/wp-json\/wp\/v2\/posts\/38841\/revisions"}],"predecessor-version":[{"id":38843,"href":"https:\/\/radiostudiow.com.br\/site\/wp-json\/wp\/v2\/posts\/38841\/revisions\/38843"}],"wp:featuredmedia":[{"embeddable":true,"href":"https:\/\/radiostudiow.com.br\/site\/wp-json\/wp\/v2\/media\/32845"}],"wp:attachment":[{"href":"https:\/\/radiostudiow.com.br\/site\/wp-json\/wp\/v2\/media?parent=38841"}],"wp:term":[{"taxonomy":"category","embeddable":true,"href":"https:\/\/radiostudiow.com.br\/site\/wp-json\/wp\/v2\/categories?post=38841"},{"taxonomy":"post_tag","embeddable":true,"href":"https:\/\/radiostudiow.com.br\/site\/wp-json\/wp\/v2\/tags?post=38841"}],"curies":[{"name":"wp","href":"https:\/\/api.w.org\/{rel}","templated":true}]}}