{"id":38844,"date":"2025-05-30T11:46:42","date_gmt":"2025-05-30T14:46:42","guid":{"rendered":"https:\/\/radiostudiow.com.br\/site\/?p=38844"},"modified":"2025-05-30T11:47:32","modified_gmt":"2025-05-30T14:47:32","slug":"caminhoneiro-e-mantido-em-carcere-privado-durante-roubado-na-br-153-entre-general-carneiro-e-sao-mateus-do-sul","status":"publish","type":"post","link":"https:\/\/radiostudiow.com.br\/site\/2025\/05\/30\/caminhoneiro-e-mantido-em-carcere-privado-durante-roubado-na-br-153-entre-general-carneiro-e-sao-mateus-do-sul\/","title":{"rendered":"Caminhoneiro \u00e9 mantido em c\u00e1rcere privado durante roubo entre General Carneiro e S\u00e3o Mateus do Sul"},"content":{"rendered":"\n<figure class=\"wp-block-image size-full\"><img loading=\"lazy\" decoding=\"async\" width=\"897\" height=\"204\" src=\"https:\/\/radiostudiow.com.br\/site\/wp-content\/uploads\/2025\/01\/SITE-GRANDE.png\" alt=\"\" class=\"wp-image-32809\" srcset=\"https:\/\/radiostudiow.com.br\/site\/wp-content\/uploads\/2025\/01\/SITE-GRANDE.png 897w, https:\/\/radiostudiow.com.br\/site\/wp-content\/uploads\/2025\/01\/SITE-GRANDE-300x68.png 300w, https:\/\/radiostudiow.com.br\/site\/wp-content\/uploads\/2025\/01\/SITE-GRANDE-768x175.png 768w\" sizes=\"auto, (max-width: 897px) 100vw, 897px\" \/><\/figure>\n\n\n\n<p>Um motorista foi feito ref\u00e9m durante a madrugada de quarta-feira (28) ap\u00f3s ter o caminh\u00e3o roubado na regi\u00e3o da Serra, entre Uni\u00e3o da Vit\u00f3ria e General Carneiro. A v\u00edtima foi libertada horas depois, j\u00e1 em S\u00e3o Mateus do Sul.<\/p>\n\n\n\n<p>De acordo com a Pol\u00edcia Militar (PM), o caminhoneiro seguia sentido Chapec\u00f3 (SC) quando foi abordado por criminosos que estavam em um carro sedan preto. Um dos ocupantes, armado, anunciou o assalto e rendeu o motorista, que ficou sob o poder dos bandidos por v\u00e1rias horas.<\/p>\n\n\n\n<p>O caminh\u00e3o roubado \u00e9 um Iveco branco, placas RDV-7E41, de Santa Catarina. Segundo relato da v\u00edtima, ele foi mantido ref\u00e9m at\u00e9 por volta das 6h30 da manh\u00e3, quando acabou sendo deixado nas proximidades do Posto Pelanda, j\u00e1 em territ\u00f3rio de S\u00e3o Mateus do Sul.<\/p>\n\n\n\n<figure class=\"wp-block-image size-large is-resized\"><img decoding=\"async\" src=\"https:\/\/radiostudiow.com.br\/site\/wp-content\/uploads\/2025\/05\/5914fcac-c2b4-4795-a120-dc162c4a6466-1-1024x614.jpg\" alt=\"\" class=\"wp-image-38861\" style=\"width:362px;height:auto\"\/><\/figure>\n\n\n\n<p>O motorista estava visivelmente abalado e precisou de atendimento m\u00e9dico. Uma equipe do SAMU foi acionada e prestou os primeiros socorros no local. Ele \u00e9 portador de diabetes e precisou de cuidados.<\/p>\n\n\n\n<p>A Pol\u00edcia Militar realiza buscas na tentativa de localizar o caminh\u00e3o e identificar os criminosos. Informa\u00e7\u00f5es que possam ajudar na investiga\u00e7\u00e3o podem ser repassadas, de forma an\u00f4nima, pelos canais oficiais da pol\u00edcia.<\/p>\n","protected":false},"excerpt":{"rendered":"<p>Um motorista foi feito ref\u00e9m durante a madrugada de quarta-feira (28) ap\u00f3s ter o caminh\u00e3o roubado na regi\u00e3o da Serra, entre Uni\u00e3o da Vit\u00f3ria e General Carneiro. A v\u00edtima foi libertada horas depois, j\u00e1 em S\u00e3o Mateus do Sul. De acordo com a Pol\u00edcia Militar (PM), o caminhoneiro seguia sentido Chapec\u00f3 (SC) quando foi abordado [&hellip;]<\/p>\n","protected":false},"author":2,"featured_media":38868,"comment_status":"open","ping_status":"open","sticky":false,"template":"","format":"standard","meta":{"footnotes":""},"categories":[2],"tags":[172],"class_list":["post-38844","post","type-post","status-publish","format-standard","has-post-thumbnail","hentry","category-policial","tag-featured"],"amp_enabled":true,"_links":{"self":[{"href":"https:\/\/radiostudiow.com.br\/site\/wp-json\/wp\/v2\/posts\/38844","targetHints":{"allow":["GET"]}}],"collection":[{"href":"https:\/\/radiostudiow.com.br\/site\/wp-json\/wp\/v2\/posts"}],"about":[{"href":"https:\/\/radiostudiow.com.br\/site\/wp-json\/wp\/v2\/types\/post"}],"author":[{"embeddable":true,"href":"https:\/\/radiostudiow.com.br\/site\/wp-json\/wp\/v2\/users\/2"}],"replies":[{"embeddable":true,"href":"https:\/\/radiostudiow.com.br\/site\/wp-json\/wp\/v2\/comments?post=38844"}],"version-history":[{"count":5,"href":"https:\/\/radiostudiow.com.br\/site\/wp-json\/wp\/v2\/posts\/38844\/revisions"}],"predecessor-version":[{"id":38872,"href":"https:\/\/radiostudiow.com.br\/site\/wp-json\/wp\/v2\/posts\/38844\/revisions\/38872"}],"wp:featuredmedia":[{"embeddable":true,"href":"https:\/\/radiostudiow.com.br\/site\/wp-json\/wp\/v2\/media\/38868"}],"wp:attachment":[{"href":"https:\/\/radiostudiow.com.br\/site\/wp-json\/wp\/v2\/media?parent=38844"}],"wp:term":[{"taxonomy":"category","embeddable":true,"href":"https:\/\/radiostudiow.com.br\/site\/wp-json\/wp\/v2\/categories?post=38844"},{"taxonomy":"post_tag","embeddable":true,"href":"https:\/\/radiostudiow.com.br\/site\/wp-json\/wp\/v2\/tags?post=38844"}],"curies":[{"name":"wp","href":"https:\/\/api.w.org\/{rel}","templated":true}]}}