{"id":38852,"date":"2025-05-29T17:55:41","date_gmt":"2025-05-29T20:55:41","guid":{"rendered":"https:\/\/radiostudiow.com.br\/site\/?p=38852"},"modified":"2025-05-29T17:55:42","modified_gmt":"2025-05-29T20:55:42","slug":"mulher-e-vitima-de-importunacao-sexual-em-ambulancia-da-saude-publica-de-irati","status":"publish","type":"post","link":"https:\/\/radiostudiow.com.br\/site\/2025\/05\/29\/mulher-e-vitima-de-importunacao-sexual-em-ambulancia-da-saude-publica-de-irati\/","title":{"rendered":"Mulher \u00e9 v\u00edtima de importuna\u00e7\u00e3o sexual em ambul\u00e2ncia da sa\u00fade p\u00fablica de Irati"},"content":{"rendered":"\n<p>Durante o trajeto entre Irati e Campo Largo, uma mulher de 31 anos foi v\u00edtima de importuna\u00e7\u00e3o sexual cometida por um homem de 54 anos que viajava no mesmo ve\u00edculo, uma ambul\u00e2ncia pertencente \u00e0 Secretaria Municipal de Sa\u00fade de Irati na manh\u00e3 de quarta-feira (28).<\/p>\n\n\n\n<p>A mulher viajava a Campo Largo para visitar seu filho rec\u00e9m-nascido, internado desde o parto no Hospital do Rocio para tratamento da S\u00edndrome de Patau (condi\u00e7\u00e3o gen\u00e9tica rara e grave, causada por uma c\u00f3pia extra do cromossomo 13). J\u00e1 o suspeito teria como destino o mesmo hospital, onde realizaria um procedimento cl\u00ednico.<\/p>\n\n\n\n<figure class=\"wp-block-image size-full\"><img loading=\"lazy\" decoding=\"async\" width=\"897\" height=\"204\" src=\"https:\/\/radiostudiow.com.br\/site\/wp-content\/uploads\/2025\/03\/image-62.png\" alt=\"\" class=\"wp-image-35859\" srcset=\"https:\/\/radiostudiow.com.br\/site\/wp-content\/uploads\/2025\/03\/image-62.png 897w, https:\/\/radiostudiow.com.br\/site\/wp-content\/uploads\/2025\/03\/image-62-300x68.png 300w, https:\/\/radiostudiow.com.br\/site\/wp-content\/uploads\/2025\/03\/image-62-768x175.png 768w\" sizes=\"auto, (max-width: 897px) 100vw, 897px\" \/><\/figure>\n\n\n\n<p>De acordo com a Guarda Municipal de Campo Largo, o crime foi descoberto ao final da viagem, quando o motorista percebeu que a passageira estava visivelmente abalada, chorando, e decidiu ouvir seu relato.<\/p>\n\n\n\n<p>Ela contou que, sozinha com o suspeito na parte traseira do ve\u00edculo, foi obrigada a presenciar o homem se tocando obscenamente por aproximadamente trinta minutos. Sem sinal de celular, a v\u00edtima n\u00e3o conseguiu pedir ajuda \u00e0 familiares ou conhecidos durante o percurso, que dura cerca de duas horas pela BR-277.<\/p>\n\n\n\n<figure class=\"wp-block-image size-full\"><img loading=\"lazy\" decoding=\"async\" width=\"300\" height=\"180\" src=\"https:\/\/radiostudiow.com.br\/site\/wp-content\/uploads\/2025\/04\/DAIANE.png\" alt=\"\" class=\"wp-image-37227\"\/><\/figure>\n\n\n\n<p><em>Conforme a delegada da PCPR de Campo Largo, Mariana Coelho,<strong> \u201ca v\u00edtima relatou os fatos ao condutor da ambul\u00e2ncia ao final do trajeto. A equipe policial foi acionada e realizou a deten\u00e7\u00e3o do suspeito, que foi conduzido \u00e0 delegacia, onde o flagrante foi formalizado pela autoridade policial\u201d.<\/strong><\/em><\/p>\n\n\n\n<p>Segundo v\u00eddeos que circulam na internet, a v\u00edtima estaria sentada pr\u00f3xima \u00e0 porta traseira da ambul\u00e2ncia, enquanto o suspeito estaria no lado oposto, pr\u00f3ximo \u00e0 janela que d\u00e1 acesso a cabine do motorista.<\/p>\n\n\n\n<p>Conforme relata a Pol\u00edcia Civil do Paran\u00e1 (PCPR), o homem foi preso em flagrante e, durante o interrogat\u00f3rio, confessou os atos. Ele foi conduzido ao sistema penitenci\u00e1rio e permanece \u00e0 disposi\u00e7\u00e3o da Justi\u00e7a. O nome do suspeito n\u00e3o foi divulgado oficialmente at\u00e9 o momento.<\/p>\n\n\n\n<figure class=\"wp-block-image size-full\"><img loading=\"lazy\" decoding=\"async\" width=\"897\" height=\"204\" src=\"https:\/\/radiostudiow.com.br\/site\/wp-content\/uploads\/2025\/03\/SITE-GRANDE5.png\" alt=\"\" class=\"wp-image-35420\" srcset=\"https:\/\/radiostudiow.com.br\/site\/wp-content\/uploads\/2025\/03\/SITE-GRANDE5.png 897w, https:\/\/radiostudiow.com.br\/site\/wp-content\/uploads\/2025\/03\/SITE-GRANDE5-300x68.png 300w, https:\/\/radiostudiow.com.br\/site\/wp-content\/uploads\/2025\/03\/SITE-GRANDE5-768x175.png 768w\" sizes=\"auto, (max-width: 897px) 100vw, 897px\" \/><\/figure>\n\n\n\n<p><em>Por meio de nota oficial, a Prefeitura de Irati afirmou que <strong>\u201ctodas as provid\u00eancias legais est\u00e3o sendo tomadas para apurar e punir o lament\u00e1vel caso de obscenidade e importuna\u00e7\u00e3o sexual ocorrido nesta quarta-feira (28\/05)\u201d.<\/strong><\/em><\/p>\n\n\n\n<p>Ainda segundo a prefeitura, a v\u00edtima est\u00e1 recebendo acolhimento da Patrulha Maria da Penha e do efetivo da Guarda Municipal.<\/p>\n\n\n\n<p>A PCPR refor\u00e7a que qualquer situa\u00e7\u00e3o de viol\u00eancia sexual deve ser comunicada imediatamente pelos telefones 197 (Pol\u00edcia Civil), 181 (Disque-Den\u00fancia) ou 190 (Pol\u00edcia Militar), em caso de emerg\u00eancia. As den\u00fancias podem ser an\u00f4nimas.<\/p>\n","protected":false},"excerpt":{"rendered":"<p>Durante o trajeto entre Irati e Campo Largo, uma mulher de 31 anos foi v\u00edtima de importuna\u00e7\u00e3o sexual cometida por um homem de 54 anos que viajava no mesmo ve\u00edculo, uma ambul\u00e2ncia pertencente \u00e0 Secretaria Municipal de Sa\u00fade de Irati na manh\u00e3 de quarta-feira (28). A mulher viajava a Campo Largo para visitar seu filho [&hellip;]<\/p>\n","protected":false},"author":2,"featured_media":38853,"comment_status":"open","ping_status":"open","sticky":false,"template":"","format":"standard","meta":{"footnotes":""},"categories":[2],"tags":[172],"class_list":["post-38852","post","type-post","status-publish","format-standard","has-post-thumbnail","hentry","category-policial","tag-featured"],"amp_enabled":true,"_links":{"self":[{"href":"https:\/\/radiostudiow.com.br\/site\/wp-json\/wp\/v2\/posts\/38852","targetHints":{"allow":["GET"]}}],"collection":[{"href":"https:\/\/radiostudiow.com.br\/site\/wp-json\/wp\/v2\/posts"}],"about":[{"href":"https:\/\/radiostudiow.com.br\/site\/wp-json\/wp\/v2\/types\/post"}],"author":[{"embeddable":true,"href":"https:\/\/radiostudiow.com.br\/site\/wp-json\/wp\/v2\/users\/2"}],"replies":[{"embeddable":true,"href":"https:\/\/radiostudiow.com.br\/site\/wp-json\/wp\/v2\/comments?post=38852"}],"version-history":[{"count":1,"href":"https:\/\/radiostudiow.com.br\/site\/wp-json\/wp\/v2\/posts\/38852\/revisions"}],"predecessor-version":[{"id":38854,"href":"https:\/\/radiostudiow.com.br\/site\/wp-json\/wp\/v2\/posts\/38852\/revisions\/38854"}],"wp:featuredmedia":[{"embeddable":true,"href":"https:\/\/radiostudiow.com.br\/site\/wp-json\/wp\/v2\/media\/38853"}],"wp:attachment":[{"href":"https:\/\/radiostudiow.com.br\/site\/wp-json\/wp\/v2\/media?parent=38852"}],"wp:term":[{"taxonomy":"category","embeddable":true,"href":"https:\/\/radiostudiow.com.br\/site\/wp-json\/wp\/v2\/categories?post=38852"},{"taxonomy":"post_tag","embeddable":true,"href":"https:\/\/radiostudiow.com.br\/site\/wp-json\/wp\/v2\/tags?post=38852"}],"curies":[{"name":"wp","href":"https:\/\/api.w.org\/{rel}","templated":true}]}}