{"id":38859,"date":"2025-05-29T19:19:06","date_gmt":"2025-05-29T22:19:06","guid":{"rendered":"https:\/\/radiostudiow.com.br\/site\/?p=38859"},"modified":"2025-05-29T19:19:06","modified_gmt":"2025-05-29T22:19:06","slug":"confusao-familiar-termina-com-ameacas-e-facao-em-mallet","status":"publish","type":"post","link":"https:\/\/radiostudiow.com.br\/site\/2025\/05\/29\/confusao-familiar-termina-com-ameacas-e-facao-em-mallet\/","title":{"rendered":"Confus\u00e3o Familiar Termina com Amea\u00e7as e Fac\u00e3o em Mallet"},"content":{"rendered":"\n<p><\/p>\n\n\n\n<figure class=\"wp-block-image size-full\"><img loading=\"lazy\" decoding=\"async\" width=\"598\" height=\"204\" src=\"https:\/\/radiostudiow.com.br\/site\/wp-content\/uploads\/2025\/05\/POLAK.png\" alt=\"\" class=\"wp-image-37847\" srcset=\"https:\/\/radiostudiow.com.br\/site\/wp-content\/uploads\/2025\/05\/POLAK.png 598w, https:\/\/radiostudiow.com.br\/site\/wp-content\/uploads\/2025\/05\/POLAK-300x102.png 300w\" sizes=\"auto, (max-width: 598px) 100vw, 598px\" \/><\/figure>\n\n\n\n<p><\/p>\n\n\n\n<h2 class=\"wp-block-heading\">Uma ocorr\u00eancia de viola\u00e7\u00e3o de domic\u00edlio e amea\u00e7a mobilizou a Pol\u00edcia Militar na manh\u00e3 desta quarta-feira (28) em Mallet. A situa\u00e7\u00e3o aconteceu por volta das 11h, na Rua Ladislau Romanowski, na Vila Caroline, e envolveu uma desaven\u00e7a entre parentes vizinhos.<\/h2>\n\n\n\n<p><\/p>\n\n\n\n<p>Segundo informa\u00e7\u00f5es do boletim policial, a equipe foi acionada por um morador que alegou que familiares haviam invadido sua resid\u00eancia e estavam bastante alterados. <\/p>\n\n\n\n<p>Ao chegar ao local, os policiais confirmaram os relatos com o solicitante e tamb\u00e9m conversaram com os parentes envolvidos, que apresentaram uma vers\u00e3o diferente do ocorrido.<\/p>\n\n\n\n<h2 class=\"wp-block-heading\">De acordo com os familiares, o pr\u00f3prio solicitante teria os amea\u00e7ado com um fac\u00e3o durante a discuss\u00e3o.<\/h2>\n\n\n\n<p><\/p>\n\n\n\n<figure class=\"wp-block-image size-large is-resized\"><img decoding=\"async\" src=\"https:\/\/radiostudiow.com.br\/site\/wp-content\/uploads\/2025\/05\/5914fcac-c2b4-4795-a120-dc162c4a6466-1-1024x614.jpg\" alt=\"\" class=\"wp-image-38861\" style=\"width:540px;height:auto\"\/><\/figure>\n\n\n\n<p><\/p>\n\n\n\n<p><strong>Diante do impasse, os policiais conduziram todos os envolvidos at\u00e9 a 10\u00aa Delegacia Regional da Pol\u00edcia Civil de Mallet, onde o caso foi apresentado ao Delegado Dr. Donizete de Arruda Gordiano. Ap\u00f3s ouvir os relatos, o delegado determinou a lavratura de um Termo Circunstanciado, sendo todos os envolvidos qualificados como autores.<\/strong><\/p>\n\n\n\n<p>O caso agora segue para apura\u00e7\u00e3o judicial, e todos os envolvidos responder\u00e3o conforme a lei.<\/p>\n\n\n\n<h2 class=\"wp-block-heading\">INFORMA\u00c7\u00d5ES: 27\u00ba BPM \/ 3\u00ba Pelot\u00e3o  Cabo Abr\u00e3o Kanclaravicz<\/h2>\n\n\n\n<p><\/p>\n\n\n\n<figure class=\"wp-block-image size-full\"><img loading=\"lazy\" decoding=\"async\" width=\"897\" height=\"204\" src=\"https:\/\/radiostudiow.com.br\/site\/wp-content\/uploads\/2025\/02\/SITE-GRANDE7.png\" alt=\"\" class=\"wp-image-33861\" srcset=\"https:\/\/radiostudiow.com.br\/site\/wp-content\/uploads\/2025\/02\/SITE-GRANDE7.png 897w, https:\/\/radiostudiow.com.br\/site\/wp-content\/uploads\/2025\/02\/SITE-GRANDE7-300x68.png 300w, https:\/\/radiostudiow.com.br\/site\/wp-content\/uploads\/2025\/02\/SITE-GRANDE7-768x175.png 768w\" sizes=\"auto, (max-width: 897px) 100vw, 897px\" \/><\/figure>\n\n\n\n<p><\/p>\n","protected":false},"excerpt":{"rendered":"<p>Uma ocorr\u00eancia de viola\u00e7\u00e3o de domic\u00edlio e amea\u00e7a mobilizou a Pol\u00edcia Militar na manh\u00e3 desta quarta-feira (28) em Mallet. A situa\u00e7\u00e3o aconteceu por volta das 11h, na Rua Ladislau Romanowski, na Vila Caroline, e envolveu uma desaven\u00e7a entre parentes vizinhos. Segundo informa\u00e7\u00f5es do boletim policial, a equipe foi acionada por um morador que alegou que [&hellip;]<\/p>\n","protected":false},"author":2,"featured_media":38864,"comment_status":"open","ping_status":"open","sticky":false,"template":"","format":"standard","meta":{"footnotes":""},"categories":[184],"tags":[172],"class_list":["post-38859","post","type-post","status-publish","format-standard","has-post-thumbnail","hentry","category-local","tag-featured"],"amp_enabled":true,"_links":{"self":[{"href":"https:\/\/radiostudiow.com.br\/site\/wp-json\/wp\/v2\/posts\/38859","targetHints":{"allow":["GET"]}}],"collection":[{"href":"https:\/\/radiostudiow.com.br\/site\/wp-json\/wp\/v2\/posts"}],"about":[{"href":"https:\/\/radiostudiow.com.br\/site\/wp-json\/wp\/v2\/types\/post"}],"author":[{"embeddable":true,"href":"https:\/\/radiostudiow.com.br\/site\/wp-json\/wp\/v2\/users\/2"}],"replies":[{"embeddable":true,"href":"https:\/\/radiostudiow.com.br\/site\/wp-json\/wp\/v2\/comments?post=38859"}],"version-history":[{"count":1,"href":"https:\/\/radiostudiow.com.br\/site\/wp-json\/wp\/v2\/posts\/38859\/revisions"}],"predecessor-version":[{"id":38865,"href":"https:\/\/radiostudiow.com.br\/site\/wp-json\/wp\/v2\/posts\/38859\/revisions\/38865"}],"wp:featuredmedia":[{"embeddable":true,"href":"https:\/\/radiostudiow.com.br\/site\/wp-json\/wp\/v2\/media\/38864"}],"wp:attachment":[{"href":"https:\/\/radiostudiow.com.br\/site\/wp-json\/wp\/v2\/media?parent=38859"}],"wp:term":[{"taxonomy":"category","embeddable":true,"href":"https:\/\/radiostudiow.com.br\/site\/wp-json\/wp\/v2\/categories?post=38859"},{"taxonomy":"post_tag","embeddable":true,"href":"https:\/\/radiostudiow.com.br\/site\/wp-json\/wp\/v2\/tags?post=38859"}],"curies":[{"name":"wp","href":"https:\/\/api.w.org\/{rel}","templated":true}]}}