{"id":38873,"date":"2025-05-30T11:54:42","date_gmt":"2025-05-30T14:54:42","guid":{"rendered":"https:\/\/radiostudiow.com.br\/site\/?p=38873"},"modified":"2025-05-30T11:54:43","modified_gmt":"2025-05-30T14:54:43","slug":"prf-apreende-241-kg-de-drogas-em-fiscalizacao-na-br-277-em-irati","status":"publish","type":"post","link":"https:\/\/radiostudiow.com.br\/site\/2025\/05\/30\/prf-apreende-241-kg-de-drogas-em-fiscalizacao-na-br-277-em-irati\/","title":{"rendered":"PRF apreende 241 kg de drogas em fiscaliza\u00e7\u00e3o na BR-277 em Irati"},"content":{"rendered":"\n<figure class=\"wp-block-image size-full\"><img loading=\"lazy\" decoding=\"async\" width=\"598\" height=\"204\" src=\"https:\/\/radiostudiow.com.br\/site\/wp-content\/uploads\/2025\/05\/POLAK.png\" alt=\"\" class=\"wp-image-37847\" srcset=\"https:\/\/radiostudiow.com.br\/site\/wp-content\/uploads\/2025\/05\/POLAK.png 598w, https:\/\/radiostudiow.com.br\/site\/wp-content\/uploads\/2025\/05\/POLAK-300x102.png 300w\" sizes=\"auto, (max-width: 598px) 100vw, 598px\" \/><\/figure>\n\n\n\n<p>A Pol\u00edcia Rodovi\u00e1ria Federal (PRF) apreendeu 241 quilos de drogas durante uma fiscaliza\u00e7\u00e3o na BR-277, em Irati, regi\u00e3o central do Paran\u00e1, na madrugada por volta de 1h desta quinta-feira (29).<\/p>\n\n\n\n<p>Os agentes abordaram um ve\u00edculo Parati branco, com placas de Manoel Ribas (PR). Durante a vistoria, foram encontrados tabletes de maconha no banco traseiro e no porta-malas.<\/p>\n\n\n\n<figure class=\"wp-block-image size-full\"><img loading=\"lazy\" decoding=\"async\" width=\"300\" height=\"180\" src=\"https:\/\/radiostudiow.com.br\/site\/wp-content\/uploads\/2025\/04\/DAIANE.png\" alt=\"\" class=\"wp-image-37227\"\/><\/figure>\n\n\n\n<p>Ap\u00f3s a pesagem, o total da carga foi de 237 quilos de maconha e 4 quilos de haxixe.<\/p>\n\n\n\n<p>O motorista, de 23 anos, declarou ter recebido a droga em Foz do Igua\u00e7u (PR) e que a levaria at\u00e9 a cidade de S\u00e3o Bento, na Para\u00edba. Ele foi detido em flagrante e conduzido, junto com o ve\u00edculo e a carga, \u00e0 Delegacia de Pol\u00edcia Civil de Irati.<\/p>\n","protected":false},"excerpt":{"rendered":"<p>A Pol\u00edcia Rodovi\u00e1ria Federal (PRF) apreendeu 241 quilos de drogas durante uma fiscaliza\u00e7\u00e3o na BR-277, em Irati, regi\u00e3o central do Paran\u00e1, na madrugada por volta de 1h desta quinta-feira (29). Os agentes abordaram um ve\u00edculo Parati branco, com placas de Manoel Ribas (PR). Durante a vistoria, foram encontrados tabletes de maconha no banco traseiro e [&hellip;]<\/p>\n","protected":false},"author":2,"featured_media":38874,"comment_status":"open","ping_status":"open","sticky":false,"template":"","format":"standard","meta":{"footnotes":""},"categories":[2],"tags":[172],"class_list":["post-38873","post","type-post","status-publish","format-standard","has-post-thumbnail","hentry","category-policial","tag-featured"],"amp_enabled":true,"_links":{"self":[{"href":"https:\/\/radiostudiow.com.br\/site\/wp-json\/wp\/v2\/posts\/38873","targetHints":{"allow":["GET"]}}],"collection":[{"href":"https:\/\/radiostudiow.com.br\/site\/wp-json\/wp\/v2\/posts"}],"about":[{"href":"https:\/\/radiostudiow.com.br\/site\/wp-json\/wp\/v2\/types\/post"}],"author":[{"embeddable":true,"href":"https:\/\/radiostudiow.com.br\/site\/wp-json\/wp\/v2\/users\/2"}],"replies":[{"embeddable":true,"href":"https:\/\/radiostudiow.com.br\/site\/wp-json\/wp\/v2\/comments?post=38873"}],"version-history":[{"count":1,"href":"https:\/\/radiostudiow.com.br\/site\/wp-json\/wp\/v2\/posts\/38873\/revisions"}],"predecessor-version":[{"id":38875,"href":"https:\/\/radiostudiow.com.br\/site\/wp-json\/wp\/v2\/posts\/38873\/revisions\/38875"}],"wp:featuredmedia":[{"embeddable":true,"href":"https:\/\/radiostudiow.com.br\/site\/wp-json\/wp\/v2\/media\/38874"}],"wp:attachment":[{"href":"https:\/\/radiostudiow.com.br\/site\/wp-json\/wp\/v2\/media?parent=38873"}],"wp:term":[{"taxonomy":"category","embeddable":true,"href":"https:\/\/radiostudiow.com.br\/site\/wp-json\/wp\/v2\/categories?post=38873"},{"taxonomy":"post_tag","embeddable":true,"href":"https:\/\/radiostudiow.com.br\/site\/wp-json\/wp\/v2\/tags?post=38873"}],"curies":[{"name":"wp","href":"https:\/\/api.w.org\/{rel}","templated":true}]}}