{"id":38881,"date":"2025-05-30T12:05:28","date_gmt":"2025-05-30T15:05:28","guid":{"rendered":"https:\/\/radiostudiow.com.br\/site\/?p=38881"},"modified":"2025-05-30T12:05:41","modified_gmt":"2025-05-30T15:05:41","slug":"policia-militar-descobre-ponto-de-trafico-de-drogas-apos-denuncia-de-violencia-domestica","status":"publish","type":"post","link":"https:\/\/radiostudiow.com.br\/site\/2025\/05\/30\/policia-militar-descobre-ponto-de-trafico-de-drogas-apos-denuncia-de-violencia-domestica\/","title":{"rendered":"Pol\u00edcia Militar descobre ponto de tr\u00e1fico de drogas ap\u00f3s den\u00fancia de viol\u00eancia dom\u00e9stica em General Carneiro"},"content":{"rendered":"\n<figure class=\"wp-block-image size-full\"><img loading=\"lazy\" decoding=\"async\" width=\"897\" height=\"204\" src=\"https:\/\/radiostudiow.com.br\/site\/wp-content\/uploads\/2025\/05\/NUTRI-MALLET.png\" alt=\"\" class=\"wp-image-37813\" srcset=\"https:\/\/radiostudiow.com.br\/site\/wp-content\/uploads\/2025\/05\/NUTRI-MALLET.png 897w, https:\/\/radiostudiow.com.br\/site\/wp-content\/uploads\/2025\/05\/NUTRI-MALLET-300x68.png 300w, https:\/\/radiostudiow.com.br\/site\/wp-content\/uploads\/2025\/05\/NUTRI-MALLET-768x175.png 768w\" sizes=\"auto, (max-width: 897px) 100vw, 897px\" \/><\/figure>\n\n\n\n<p>A equipe da Pol\u00edcia Militar de General Carneiro flagrou uma situa\u00e7\u00e3o de tr\u00e1fico de drogas durante o atendimento a uma ocorr\u00eancia inicialmente registrada como\u00a0viol\u00eancia dom\u00e9stica e disparo de arma de fogo, no bairro S\u00e3o Jo\u00e3o por volta das 08 horas desta quinta-feira (29).<\/p>\n\n\n\n<p>Ao chegar ao local, a equipe da R\u00e1dio Patrulha Auto (RPA) foi recebida pela suposta v\u00edtima, que negou qualquer tipo de agress\u00e3o ou disparos. No entanto, os policiais, ao observarem o interior da resid\u00eancia, visualizaram sobre um m\u00f3vel\u00a0v\u00e1rias pedras de crack e buchas de coca\u00edna.<\/p>\n\n\n\n<figure class=\"wp-block-image size-full\"><img loading=\"lazy\" decoding=\"async\" width=\"300\" height=\"180\" src=\"https:\/\/radiostudiow.com.br\/site\/wp-content\/uploads\/2025\/04\/LOU.png\" alt=\"\" class=\"wp-image-37228\"\/><\/figure>\n\n\n\n<p>Durante a abordagem, outras duas mulheres foram encontradas no interior do im\u00f3vel. Ap\u00f3s revista, a equipe confirmou a presen\u00e7a de\u00a017 buchas de coca\u00edna, 160 pedras de crack, uma balan\u00e7a de precis\u00e3o e uma grande quantia em dinheiro\u00a0\u2013 todos materiais caracter\u00edsticos do tr\u00e1fico de entorpecentes.<\/p>\n\n\n\n<p>Diante dos fatos, as envolvidas foram detidas e encaminhadas \u00e0 4\u00aa Subdivis\u00e3o Policial de Uni\u00e3o da Vit\u00f3ria para os devidos procedimentos legais.<\/p>\n\n\n\n<p>A a\u00e7\u00e3o demonstra a import\u00e2ncia do trabalho ostensivo da Pol\u00edcia Militar, que mesmo em situa\u00e7\u00f5es inicialmente n\u00e3o relacionadas ao tr\u00e1fico, mant\u00e9m vigil\u00e2ncia ativa e efetiva no combate \u00e0 criminalidade.<\/p>\n","protected":false},"excerpt":{"rendered":"<p>A equipe da Pol\u00edcia Militar de General Carneiro flagrou uma situa\u00e7\u00e3o de tr\u00e1fico de drogas durante o atendimento a uma ocorr\u00eancia inicialmente registrada como\u00a0viol\u00eancia dom\u00e9stica e disparo de arma de fogo, no bairro S\u00e3o Jo\u00e3o por volta das 08 horas desta quinta-feira (29). Ao chegar ao local, a equipe da R\u00e1dio Patrulha Auto (RPA) foi [&hellip;]<\/p>\n","protected":false},"author":2,"featured_media":38882,"comment_status":"open","ping_status":"open","sticky":false,"template":"","format":"standard","meta":{"footnotes":""},"categories":[2],"tags":[172],"class_list":["post-38881","post","type-post","status-publish","format-standard","has-post-thumbnail","hentry","category-policial","tag-featured"],"amp_enabled":true,"_links":{"self":[{"href":"https:\/\/radiostudiow.com.br\/site\/wp-json\/wp\/v2\/posts\/38881","targetHints":{"allow":["GET"]}}],"collection":[{"href":"https:\/\/radiostudiow.com.br\/site\/wp-json\/wp\/v2\/posts"}],"about":[{"href":"https:\/\/radiostudiow.com.br\/site\/wp-json\/wp\/v2\/types\/post"}],"author":[{"embeddable":true,"href":"https:\/\/radiostudiow.com.br\/site\/wp-json\/wp\/v2\/users\/2"}],"replies":[{"embeddable":true,"href":"https:\/\/radiostudiow.com.br\/site\/wp-json\/wp\/v2\/comments?post=38881"}],"version-history":[{"count":2,"href":"https:\/\/radiostudiow.com.br\/site\/wp-json\/wp\/v2\/posts\/38881\/revisions"}],"predecessor-version":[{"id":38884,"href":"https:\/\/radiostudiow.com.br\/site\/wp-json\/wp\/v2\/posts\/38881\/revisions\/38884"}],"wp:featuredmedia":[{"embeddable":true,"href":"https:\/\/radiostudiow.com.br\/site\/wp-json\/wp\/v2\/media\/38882"}],"wp:attachment":[{"href":"https:\/\/radiostudiow.com.br\/site\/wp-json\/wp\/v2\/media?parent=38881"}],"wp:term":[{"taxonomy":"category","embeddable":true,"href":"https:\/\/radiostudiow.com.br\/site\/wp-json\/wp\/v2\/categories?post=38881"},{"taxonomy":"post_tag","embeddable":true,"href":"https:\/\/radiostudiow.com.br\/site\/wp-json\/wp\/v2\/tags?post=38881"}],"curies":[{"name":"wp","href":"https:\/\/api.w.org\/{rel}","templated":true}]}}