{"id":38885,"date":"2025-05-30T12:07:55","date_gmt":"2025-05-30T15:07:55","guid":{"rendered":"https:\/\/radiostudiow.com.br\/site\/?p=38885"},"modified":"2025-05-30T12:07:55","modified_gmt":"2025-05-30T15:07:55","slug":"homem-e-preso-com-armas-e-municoes-em-cruz-machado","status":"publish","type":"post","link":"https:\/\/radiostudiow.com.br\/site\/2025\/05\/30\/homem-e-preso-com-armas-e-municoes-em-cruz-machado\/","title":{"rendered":"Homem \u00e9 preso com armas e muni\u00e7\u00f5es em Cruz Machado"},"content":{"rendered":"\n<figure class=\"wp-block-image size-full\"><img loading=\"lazy\" decoding=\"async\" width=\"300\" height=\"180\" src=\"https:\/\/radiostudiow.com.br\/site\/wp-content\/uploads\/2025\/01\/SITE-PEQUENO.png\" alt=\"\" class=\"wp-image-32833\"\/><\/figure>\n\n\n\n<p>A equipe da ROTAM, durante patrulhamento no interior do munic\u00edpio de\u00a0Cruz Machado, prendeu um homem por\u00a0porte ilegal de armas de fogo por volta das 17 horas dessa quinta-feira (29).<\/p>\n\n\n\n<p>A abordagem ocorreu nas proximidades da balsa da Comunidade Rural de Rio D\u2019Areia, onde os policiais visualizaram um indiv\u00edduo em atitude suspeita \u00e0s margens do alagado.\u00a0Durante a busca pessoal, foi encontrado no bolso da jaqueta do suspeito um rev\u00f3lver calibre .32.<\/p>\n\n\n\n<figure class=\"wp-block-image size-full\"><img loading=\"lazy\" decoding=\"async\" width=\"598\" height=\"204\" src=\"https:\/\/radiostudiow.com.br\/site\/wp-content\/uploads\/2025\/01\/SITE-MEDIO3.png\" alt=\"\" class=\"wp-image-32815\" srcset=\"https:\/\/radiostudiow.com.br\/site\/wp-content\/uploads\/2025\/01\/SITE-MEDIO3.png 598w, https:\/\/radiostudiow.com.br\/site\/wp-content\/uploads\/2025\/01\/SITE-MEDIO3-300x102.png 300w\" sizes=\"auto, (max-width: 598px) 100vw, 598px\" \/><\/figure>\n\n\n\n<p>Em continuidade \u00e0 revista, dentro de uma mochila que ele carregava, os policiais localizaram ainda\u00a0um segundo rev\u00f3lver, calibre .38, al\u00e9m de diversas muni\u00e7\u00f5es.<\/p>\n\n\n\n<p>Diante dos fatos, o homem recebeu voz de pris\u00e3o e foi encaminhado \u00e0 4\u00aa Subdivis\u00e3o Policial (SDP) de Uni\u00e3o da Vit\u00f3ria para as provid\u00eancias legais.<a href=\"mailto:?subject=Homem%20%C3%A9%20preso%20com%20armas%20e%20muni%C3%A7%C3%B5es%20pela%20ROTAM%20em%20Cruz%20Machado&amp;body=https:\/\/www.vvale.com.br\/seguranca\/homem-e-preso-com-armas-e-municoes-pela-rotam-em-cruz-machado\/\" target=\"_blank\" rel=\"noreferrer noopener\"><\/a><\/p>\n","protected":false},"excerpt":{"rendered":"<p>A equipe da ROTAM, durante patrulhamento no interior do munic\u00edpio de\u00a0Cruz Machado, prendeu um homem por\u00a0porte ilegal de armas de fogo por volta das 17 horas dessa quinta-feira (29). A abordagem ocorreu nas proximidades da balsa da Comunidade Rural de Rio D\u2019Areia, onde os policiais visualizaram um indiv\u00edduo em atitude suspeita \u00e0s margens do alagado.\u00a0Durante [&hellip;]<\/p>\n","protected":false},"author":2,"featured_media":38886,"comment_status":"open","ping_status":"open","sticky":false,"template":"","format":"standard","meta":{"footnotes":""},"categories":[2],"tags":[172],"class_list":["post-38885","post","type-post","status-publish","format-standard","has-post-thumbnail","hentry","category-policial","tag-featured"],"amp_enabled":true,"_links":{"self":[{"href":"https:\/\/radiostudiow.com.br\/site\/wp-json\/wp\/v2\/posts\/38885","targetHints":{"allow":["GET"]}}],"collection":[{"href":"https:\/\/radiostudiow.com.br\/site\/wp-json\/wp\/v2\/posts"}],"about":[{"href":"https:\/\/radiostudiow.com.br\/site\/wp-json\/wp\/v2\/types\/post"}],"author":[{"embeddable":true,"href":"https:\/\/radiostudiow.com.br\/site\/wp-json\/wp\/v2\/users\/2"}],"replies":[{"embeddable":true,"href":"https:\/\/radiostudiow.com.br\/site\/wp-json\/wp\/v2\/comments?post=38885"}],"version-history":[{"count":1,"href":"https:\/\/radiostudiow.com.br\/site\/wp-json\/wp\/v2\/posts\/38885\/revisions"}],"predecessor-version":[{"id":38887,"href":"https:\/\/radiostudiow.com.br\/site\/wp-json\/wp\/v2\/posts\/38885\/revisions\/38887"}],"wp:featuredmedia":[{"embeddable":true,"href":"https:\/\/radiostudiow.com.br\/site\/wp-json\/wp\/v2\/media\/38886"}],"wp:attachment":[{"href":"https:\/\/radiostudiow.com.br\/site\/wp-json\/wp\/v2\/media?parent=38885"}],"wp:term":[{"taxonomy":"category","embeddable":true,"href":"https:\/\/radiostudiow.com.br\/site\/wp-json\/wp\/v2\/categories?post=38885"},{"taxonomy":"post_tag","embeddable":true,"href":"https:\/\/radiostudiow.com.br\/site\/wp-json\/wp\/v2\/tags?post=38885"}],"curies":[{"name":"wp","href":"https:\/\/api.w.org\/{rel}","templated":true}]}}