{"id":38888,"date":"2025-05-30T16:35:10","date_gmt":"2025-05-30T19:35:10","guid":{"rendered":"https:\/\/radiostudiow.com.br\/site\/?p=38888"},"modified":"2025-05-30T16:35:10","modified_gmt":"2025-05-30T19:35:10","slug":"homem-de-porto-uniao-esta-hospitalizado-apos-acidente-e-familia-e-procurada","status":"publish","type":"post","link":"https:\/\/radiostudiow.com.br\/site\/2025\/05\/30\/homem-de-porto-uniao-esta-hospitalizado-apos-acidente-e-familia-e-procurada\/","title":{"rendered":"Homem de Porto Uni\u00e3o est\u00e1 hospitalizado ap\u00f3s acidente e fam\u00edlia \u00e9 procurada"},"content":{"rendered":"\n<figure class=\"wp-block-image size-full\"><img loading=\"lazy\" decoding=\"async\" width=\"300\" height=\"180\" src=\"https:\/\/radiostudiow.com.br\/site\/wp-content\/uploads\/2025\/04\/AGRODU.png\" alt=\"\" class=\"wp-image-37219\"\/><\/figure>\n\n\n\n<p>As autoridades de sa\u00fade do munic\u00edpio de Pinh\u00e3o (PR) est\u00e3o em busca de familiares de&nbsp;Rodrigo Teles Vieira, natural de Porto Uni\u00e3o (SC), nascido em&nbsp;17 de outubro de 1986.<\/p>\n\n\n\n<p>Segundo informa\u00e7\u00f5es, Rodrigo sofreu um&nbsp;acidente na tarde desta quinta-feira, 29,&nbsp;nas proximidades de&nbsp;Faxinal do C\u00e9u&nbsp;e encontra-se&nbsp;hospitalizado em Pinh\u00e3o, sob cuidados m\u00e9dicos.<\/p>\n\n\n\n<p>At\u00e9 o momento, a equipe m\u00e9dica n\u00e3o conseguiu contato com seus familiares. Sabe-se que ele \u00e9 filho de&nbsp;Euclides Teles Vieira&nbsp;e&nbsp;Adelina Kuzma Vieira.<\/p>\n\n\n\n<figure class=\"wp-block-image size-full\"><img loading=\"lazy\" decoding=\"async\" width=\"598\" height=\"204\" src=\"https:\/\/radiostudiow.com.br\/site\/wp-content\/uploads\/2025\/01\/SITE-MEDIO7.png\" alt=\"\" class=\"wp-image-32801\" srcset=\"https:\/\/radiostudiow.com.br\/site\/wp-content\/uploads\/2025\/01\/SITE-MEDIO7.png 598w, https:\/\/radiostudiow.com.br\/site\/wp-content\/uploads\/2025\/01\/SITE-MEDIO7-300x102.png 300w\" sizes=\"auto, (max-width: 598px) 100vw, 598px\" \/><\/figure>\n\n\n\n<p>Quem tiver informa\u00e7\u00f5es que possam ajudar a localizar parentes ou amigos pr\u00f3ximos deve entrar em contato com a&nbsp;Secretaria de Sa\u00fade de Pinh\u00e3o, pelo telefone&nbsp;(42) 3677-8319.<\/p>\n\n\n\n<p>A colabora\u00e7\u00e3o da comunidade \u00e9 essencial neste momento para garantir o apoio necess\u00e1rio a Rodrigo e \u00e0 sua fam\u00edlia.<\/p>\n\n\n\n<figure class=\"wp-block-image size-full\"><img loading=\"lazy\" decoding=\"async\" width=\"720\" height=\"493\" src=\"https:\/\/radiostudiow.com.br\/site\/wp-content\/uploads\/2025\/05\/image-124.png\" alt=\"\" class=\"wp-image-38889\" srcset=\"https:\/\/radiostudiow.com.br\/site\/wp-content\/uploads\/2025\/05\/image-124.png 720w, https:\/\/radiostudiow.com.br\/site\/wp-content\/uploads\/2025\/05\/image-124-300x205.png 300w\" sizes=\"auto, (max-width: 720px) 100vw, 720px\" \/><\/figure>\n","protected":false},"excerpt":{"rendered":"<p>As autoridades de sa\u00fade do munic\u00edpio de Pinh\u00e3o (PR) est\u00e3o em busca de familiares de&nbsp;Rodrigo Teles Vieira, natural de Porto Uni\u00e3o (SC), nascido em&nbsp;17 de outubro de 1986. Segundo informa\u00e7\u00f5es, Rodrigo sofreu um&nbsp;acidente na tarde desta quinta-feira, 29,&nbsp;nas proximidades de&nbsp;Faxinal do C\u00e9u&nbsp;e encontra-se&nbsp;hospitalizado em Pinh\u00e3o, sob cuidados m\u00e9dicos. At\u00e9 o momento, a equipe m\u00e9dica n\u00e3o [&hellip;]<\/p>\n","protected":false},"author":2,"featured_media":38890,"comment_status":"open","ping_status":"open","sticky":false,"template":"","format":"standard","meta":{"footnotes":""},"categories":[2],"tags":[172],"class_list":["post-38888","post","type-post","status-publish","format-standard","has-post-thumbnail","hentry","category-policial","tag-featured"],"amp_enabled":true,"_links":{"self":[{"href":"https:\/\/radiostudiow.com.br\/site\/wp-json\/wp\/v2\/posts\/38888","targetHints":{"allow":["GET"]}}],"collection":[{"href":"https:\/\/radiostudiow.com.br\/site\/wp-json\/wp\/v2\/posts"}],"about":[{"href":"https:\/\/radiostudiow.com.br\/site\/wp-json\/wp\/v2\/types\/post"}],"author":[{"embeddable":true,"href":"https:\/\/radiostudiow.com.br\/site\/wp-json\/wp\/v2\/users\/2"}],"replies":[{"embeddable":true,"href":"https:\/\/radiostudiow.com.br\/site\/wp-json\/wp\/v2\/comments?post=38888"}],"version-history":[{"count":3,"href":"https:\/\/radiostudiow.com.br\/site\/wp-json\/wp\/v2\/posts\/38888\/revisions"}],"predecessor-version":[{"id":38894,"href":"https:\/\/radiostudiow.com.br\/site\/wp-json\/wp\/v2\/posts\/38888\/revisions\/38894"}],"wp:featuredmedia":[{"embeddable":true,"href":"https:\/\/radiostudiow.com.br\/site\/wp-json\/wp\/v2\/media\/38890"}],"wp:attachment":[{"href":"https:\/\/radiostudiow.com.br\/site\/wp-json\/wp\/v2\/media?parent=38888"}],"wp:term":[{"taxonomy":"category","embeddable":true,"href":"https:\/\/radiostudiow.com.br\/site\/wp-json\/wp\/v2\/categories?post=38888"},{"taxonomy":"post_tag","embeddable":true,"href":"https:\/\/radiostudiow.com.br\/site\/wp-json\/wp\/v2\/tags?post=38888"}],"curies":[{"name":"wp","href":"https:\/\/api.w.org\/{rel}","templated":true}]}}