{"id":38900,"date":"2025-05-30T17:29:59","date_gmt":"2025-05-30T20:29:59","guid":{"rendered":"https:\/\/radiostudiow.com.br\/site\/?p=38900"},"modified":"2025-05-30T17:30:00","modified_gmt":"2025-05-30T20:30:00","slug":"homem-e-preso-apos-furtar-celular-em-sao-mateus-do-sul","status":"publish","type":"post","link":"https:\/\/radiostudiow.com.br\/site\/2025\/05\/30\/homem-e-preso-apos-furtar-celular-em-sao-mateus-do-sul\/","title":{"rendered":"Homem \u00e9 preso ap\u00f3s furtar celular em S\u00e3o Mateus do Sul"},"content":{"rendered":"\n<p>A equipe da Pol\u00edcia Militar de S\u00e3o Mateus do Sul  foi acionada por volta das 19 horas dessa quinta-feira, 29 de maio, para dar atendimento a uma situa\u00e7\u00e3o de furto.<\/p>\n\n\n\n<p>No local, a v\u00edtima relatou que um masculino teria entrado na loja e furtado seu aparelho celular, sendo o ato registrado pelas c\u00e2meras de seguran\u00e7a do estabelecimento.<\/p>\n\n\n\n<figure class=\"wp-block-image size-full\"><img loading=\"lazy\" decoding=\"async\" width=\"897\" height=\"204\" src=\"https:\/\/radiostudiow.com.br\/site\/wp-content\/uploads\/2025\/03\/SITE-GRANDE5.png\" alt=\"\" class=\"wp-image-35420\" srcset=\"https:\/\/radiostudiow.com.br\/site\/wp-content\/uploads\/2025\/03\/SITE-GRANDE5.png 897w, https:\/\/radiostudiow.com.br\/site\/wp-content\/uploads\/2025\/03\/SITE-GRANDE5-300x68.png 300w, https:\/\/radiostudiow.com.br\/site\/wp-content\/uploads\/2025\/03\/SITE-GRANDE5-768x175.png 768w\" sizes=\"auto, (max-width: 897px) 100vw, 897px\" \/><\/figure>\n\n\n\n<p>Ap\u00f3s an\u00e1lise das imagens, foi poss\u00edvel identificar o autor do crime. A equipe passou a realizar patrulhamento, e logrou \u00eaxito em localizar o masculino. Ap\u00f3s abordagem, foi encontrado com ele o celular produto do furto.<\/p>\n\n\n\n<p>O homem foi preso e encaminhado para a delegacia de S\u00e3o Mateus do Sul para provid\u00eancias.<\/p>\n","protected":false},"excerpt":{"rendered":"<p>A equipe da Pol\u00edcia Militar de S\u00e3o Mateus do Sul foi acionada por volta das 19 horas dessa quinta-feira, 29 de maio, para dar atendimento a uma situa\u00e7\u00e3o de furto. No local, a v\u00edtima relatou que um masculino teria entrado na loja e furtado seu aparelho celular, sendo o ato registrado pelas c\u00e2meras de seguran\u00e7a [&hellip;]<\/p>\n","protected":false},"author":2,"featured_media":38901,"comment_status":"open","ping_status":"open","sticky":false,"template":"","format":"standard","meta":{"footnotes":""},"categories":[2],"tags":[172],"class_list":["post-38900","post","type-post","status-publish","format-standard","has-post-thumbnail","hentry","category-policial","tag-featured"],"amp_enabled":true,"_links":{"self":[{"href":"https:\/\/radiostudiow.com.br\/site\/wp-json\/wp\/v2\/posts\/38900","targetHints":{"allow":["GET"]}}],"collection":[{"href":"https:\/\/radiostudiow.com.br\/site\/wp-json\/wp\/v2\/posts"}],"about":[{"href":"https:\/\/radiostudiow.com.br\/site\/wp-json\/wp\/v2\/types\/post"}],"author":[{"embeddable":true,"href":"https:\/\/radiostudiow.com.br\/site\/wp-json\/wp\/v2\/users\/2"}],"replies":[{"embeddable":true,"href":"https:\/\/radiostudiow.com.br\/site\/wp-json\/wp\/v2\/comments?post=38900"}],"version-history":[{"count":1,"href":"https:\/\/radiostudiow.com.br\/site\/wp-json\/wp\/v2\/posts\/38900\/revisions"}],"predecessor-version":[{"id":38902,"href":"https:\/\/radiostudiow.com.br\/site\/wp-json\/wp\/v2\/posts\/38900\/revisions\/38902"}],"wp:featuredmedia":[{"embeddable":true,"href":"https:\/\/radiostudiow.com.br\/site\/wp-json\/wp\/v2\/media\/38901"}],"wp:attachment":[{"href":"https:\/\/radiostudiow.com.br\/site\/wp-json\/wp\/v2\/media?parent=38900"}],"wp:term":[{"taxonomy":"category","embeddable":true,"href":"https:\/\/radiostudiow.com.br\/site\/wp-json\/wp\/v2\/categories?post=38900"},{"taxonomy":"post_tag","embeddable":true,"href":"https:\/\/radiostudiow.com.br\/site\/wp-json\/wp\/v2\/tags?post=38900"}],"curies":[{"name":"wp","href":"https:\/\/api.w.org\/{rel}","templated":true}]}}