{"id":38903,"date":"2025-05-30T17:34:41","date_gmt":"2025-05-30T20:34:41","guid":{"rendered":"https:\/\/radiostudiow.com.br\/site\/?p=38903"},"modified":"2025-05-30T17:34:41","modified_gmt":"2025-05-30T20:34:41","slug":"video-loja-e-alvo-de-furto-no-centro-de-sao-mateus-do-sul","status":"publish","type":"post","link":"https:\/\/radiostudiow.com.br\/site\/2025\/05\/30\/video-loja-e-alvo-de-furto-no-centro-de-sao-mateus-do-sul\/","title":{"rendered":"V\u00cdDEO: Loja \u00e9 alvo de furto no Centro de S\u00e3o Mateus do Sul"},"content":{"rendered":"\n<figure class=\"wp-block-image size-full\"><img loading=\"lazy\" decoding=\"async\" width=\"300\" height=\"180\" src=\"https:\/\/radiostudiow.com.br\/site\/wp-content\/uploads\/2025\/04\/DAIANE.png\" alt=\"\" class=\"wp-image-37227\"\/><\/figure>\n\n\n\n<p class=\"has-text-align-center\"><em>Reprodu\u00e7\u00e3o do Portal RDX<\/em><\/p>\n\n\n\n<p>A loja La Femme, localizada no Centro de S\u00e3o Mateus do Sul, foi alvo de um furto na tarde desta quinta-feira (29).<\/p>\n\n\n\n<p>C\u00e2meras de seguran\u00e7a do estabelecimento registraram o momento em que quatro mulheres entram na loja e se dirigem at\u00e9 o fundo, onde furtam diversos objetos e os escondem em uma sacola pl\u00e1stica.<\/p>\n\n\n\n<figure class=\"wp-block-image size-full\"><img loading=\"lazy\" decoding=\"async\" width=\"300\" height=\"180\" src=\"https:\/\/radiostudiow.com.br\/site\/wp-content\/uploads\/2025\/01\/SITE-PEQUENO2.png\" alt=\"\" class=\"wp-image-32894\"\/><\/figure>\n\n\n\n<p>Os respons\u00e1veis pela loja alertam a popula\u00e7\u00e3o para que fiquem atentos \u00e0 venda irregular de produtos como maquiagens e cosm\u00e9ticos, especialmente quando oferecidos a pre\u00e7os muito abaixo do normal, pois caixas inteiras desses itens foram levadas durante a a\u00e7\u00e3o.<\/p>\n\n\n\n<p>A loja pede a colabora\u00e7\u00e3o da comunidade para identificar as suspeitas e refor\u00e7a a import\u00e2ncia de denunciar qualquer atividade suspeita \u00e0s autoridades.<\/p>\n\n\n\n<figure class=\"wp-block-video\"><video height=\"1280\" style=\"aspect-ratio: 720 \/ 1280;\" width=\"720\" controls src=\"https:\/\/radiostudiow.com.br\/site\/wp-content\/uploads\/2025\/05\/furto-em-Sao-Mateus-do-Sul.mp4\"><\/video><\/figure>\n","protected":false},"excerpt":{"rendered":"<p>Reprodu\u00e7\u00e3o do Portal RDX A loja La Femme, localizada no Centro de S\u00e3o Mateus do Sul, foi alvo de um furto na tarde desta quinta-feira (29). C\u00e2meras de seguran\u00e7a do estabelecimento registraram o momento em que quatro mulheres entram na loja e se dirigem at\u00e9 o fundo, onde furtam diversos objetos e os escondem em [&hellip;]<\/p>\n","protected":false},"author":2,"featured_media":38904,"comment_status":"open","ping_status":"open","sticky":false,"template":"","format":"standard","meta":{"footnotes":""},"categories":[2],"tags":[172],"class_list":["post-38903","post","type-post","status-publish","format-standard","has-post-thumbnail","hentry","category-policial","tag-featured"],"amp_enabled":true,"_links":{"self":[{"href":"https:\/\/radiostudiow.com.br\/site\/wp-json\/wp\/v2\/posts\/38903","targetHints":{"allow":["GET"]}}],"collection":[{"href":"https:\/\/radiostudiow.com.br\/site\/wp-json\/wp\/v2\/posts"}],"about":[{"href":"https:\/\/radiostudiow.com.br\/site\/wp-json\/wp\/v2\/types\/post"}],"author":[{"embeddable":true,"href":"https:\/\/radiostudiow.com.br\/site\/wp-json\/wp\/v2\/users\/2"}],"replies":[{"embeddable":true,"href":"https:\/\/radiostudiow.com.br\/site\/wp-json\/wp\/v2\/comments?post=38903"}],"version-history":[{"count":1,"href":"https:\/\/radiostudiow.com.br\/site\/wp-json\/wp\/v2\/posts\/38903\/revisions"}],"predecessor-version":[{"id":38906,"href":"https:\/\/radiostudiow.com.br\/site\/wp-json\/wp\/v2\/posts\/38903\/revisions\/38906"}],"wp:featuredmedia":[{"embeddable":true,"href":"https:\/\/radiostudiow.com.br\/site\/wp-json\/wp\/v2\/media\/38904"}],"wp:attachment":[{"href":"https:\/\/radiostudiow.com.br\/site\/wp-json\/wp\/v2\/media?parent=38903"}],"wp:term":[{"taxonomy":"category","embeddable":true,"href":"https:\/\/radiostudiow.com.br\/site\/wp-json\/wp\/v2\/categories?post=38903"},{"taxonomy":"post_tag","embeddable":true,"href":"https:\/\/radiostudiow.com.br\/site\/wp-json\/wp\/v2\/tags?post=38903"}],"curies":[{"name":"wp","href":"https:\/\/api.w.org\/{rel}","templated":true}]}}