{"id":38907,"date":"2025-05-30T18:59:28","date_gmt":"2025-05-30T21:59:28","guid":{"rendered":"https:\/\/radiostudiow.com.br\/site\/?p=38907"},"modified":"2025-05-30T18:59:28","modified_gmt":"2025-05-30T21:59:28","slug":"corpo-encontrado-no-rio-iguacu-pode-ser-de-adolescente-desaparecido","status":"publish","type":"post","link":"https:\/\/radiostudiow.com.br\/site\/2025\/05\/30\/corpo-encontrado-no-rio-iguacu-pode-ser-de-adolescente-desaparecido\/","title":{"rendered":"Corpo encontrado no Rio Igua\u00e7u pode ser de adolescente desaparecido"},"content":{"rendered":"\n<figure class=\"wp-block-image size-full\"><img loading=\"lazy\" decoding=\"async\" width=\"897\" height=\"204\" src=\"https:\/\/radiostudiow.com.br\/site\/wp-content\/uploads\/2025\/05\/NUTRI-MALLET.png\" alt=\"\" class=\"wp-image-37813\" srcset=\"https:\/\/radiostudiow.com.br\/site\/wp-content\/uploads\/2025\/05\/NUTRI-MALLET.png 897w, https:\/\/radiostudiow.com.br\/site\/wp-content\/uploads\/2025\/05\/NUTRI-MALLET-300x68.png 300w, https:\/\/radiostudiow.com.br\/site\/wp-content\/uploads\/2025\/05\/NUTRI-MALLET-768x175.png 768w\" sizes=\"auto, (max-width: 897px) 100vw, 897px\" \/><\/figure>\n\n\n\n<p>Um corpo encontrado no Rio Igua\u00e7u, entre os munic\u00edpios de Lapa e Balsa Nova, na regi\u00e3o metropolitana de Curitiba, pode ser do adolescente Erick Rian Duarte Santos, que desapareceu no dia 21 de fevereiro em S\u00e3o Jos\u00e9 dos Pinhais. O jovem, de 16 anos, saiu de casa sem celular e qualquer pertence pessoal.<\/p>\n\n\n\n<p>O corpo em quest\u00e3o foi localizado no final de mar\u00e7o em avan\u00e7ado estado de decomposi\u00e7\u00e3o. Devido \u00e0s condi\u00e7\u00f5es do cad\u00e1ver, n\u00e3o foi poss\u00edvel identific\u00e1-lo no local. A Pol\u00edcia Cient\u00edfica coletou material gen\u00e9tico e um exame de DNA dever\u00e1 indicar se o corpo \u00e9 do adolescente. As informa\u00e7\u00f5es s\u00e3o da RICtv.<\/p>\n\n\n\n<figure class=\"wp-block-image size-large is-resized\"><img loading=\"lazy\" decoding=\"async\" width=\"1024\" height=\"614\" src=\"https:\/\/radiostudiow.com.br\/site\/wp-content\/uploads\/2025\/05\/AVENIDA-BIKE-1-1024x614.png\" alt=\"\" class=\"wp-image-38717\" style=\"width:338px;height:auto\" srcset=\"https:\/\/radiostudiow.com.br\/site\/wp-content\/uploads\/2025\/05\/AVENIDA-BIKE-1-1024x614.png 1024w, https:\/\/radiostudiow.com.br\/site\/wp-content\/uploads\/2025\/05\/AVENIDA-BIKE-1-300x180.png 300w, https:\/\/radiostudiow.com.br\/site\/wp-content\/uploads\/2025\/05\/AVENIDA-BIKE-1-768x461.png 768w, https:\/\/radiostudiow.com.br\/site\/wp-content\/uploads\/2025\/05\/AVENIDA-BIKE-1-1536x921.png 1536w, https:\/\/radiostudiow.com.br\/site\/wp-content\/uploads\/2025\/05\/AVENIDA-BIKE-1-1000x600.png 1000w, https:\/\/radiostudiow.com.br\/site\/wp-content\/uploads\/2025\/05\/AVENIDA-BIKE-1.png 1672w\" sizes=\"auto, (max-width: 1024px) 100vw, 1024px\" \/><\/figure>\n\n\n\n<p><strong><em>\u201cA nossa delegacia de pol\u00edcia est\u00e1 trabalhando em cima disso. Todas as informa\u00e7\u00f5es foram checadas e todas as dilig\u00eancias poss\u00edveis de serem feitas foram feitas. Estamos agora no aguardo da per\u00edcia. Vindo o laudo pericial, a gente pode ou n\u00e3o determinar se aquele corpo \u00e9 do rapaz desaparecido ou n\u00e3o\u201d<\/em><\/strong><em>, afirmou o delegado F\u00e1bio Machado \u00e0 RICtv.<\/em><\/p>\n\n\n\n<p><em>Com informa\u00e7\u00f5es Banda B e RIC<\/em><\/p>\n","protected":false},"excerpt":{"rendered":"<p>Um corpo encontrado no Rio Igua\u00e7u, entre os munic\u00edpios de Lapa e Balsa Nova, na regi\u00e3o metropolitana de Curitiba, pode ser do adolescente Erick Rian Duarte Santos, que desapareceu no dia 21 de fevereiro em S\u00e3o Jos\u00e9 dos Pinhais. O jovem, de 16 anos, saiu de casa sem celular e qualquer pertence pessoal. O corpo [&hellip;]<\/p>\n","protected":false},"author":2,"featured_media":38908,"comment_status":"open","ping_status":"open","sticky":false,"template":"","format":"standard","meta":{"footnotes":""},"categories":[185],"tags":[172],"class_list":["post-38907","post","type-post","status-publish","format-standard","has-post-thumbnail","hentry","category-regional","tag-featured"],"amp_enabled":true,"_links":{"self":[{"href":"https:\/\/radiostudiow.com.br\/site\/wp-json\/wp\/v2\/posts\/38907","targetHints":{"allow":["GET"]}}],"collection":[{"href":"https:\/\/radiostudiow.com.br\/site\/wp-json\/wp\/v2\/posts"}],"about":[{"href":"https:\/\/radiostudiow.com.br\/site\/wp-json\/wp\/v2\/types\/post"}],"author":[{"embeddable":true,"href":"https:\/\/radiostudiow.com.br\/site\/wp-json\/wp\/v2\/users\/2"}],"replies":[{"embeddable":true,"href":"https:\/\/radiostudiow.com.br\/site\/wp-json\/wp\/v2\/comments?post=38907"}],"version-history":[{"count":2,"href":"https:\/\/radiostudiow.com.br\/site\/wp-json\/wp\/v2\/posts\/38907\/revisions"}],"predecessor-version":[{"id":38916,"href":"https:\/\/radiostudiow.com.br\/site\/wp-json\/wp\/v2\/posts\/38907\/revisions\/38916"}],"wp:featuredmedia":[{"embeddable":true,"href":"https:\/\/radiostudiow.com.br\/site\/wp-json\/wp\/v2\/media\/38908"}],"wp:attachment":[{"href":"https:\/\/radiostudiow.com.br\/site\/wp-json\/wp\/v2\/media?parent=38907"}],"wp:term":[{"taxonomy":"category","embeddable":true,"href":"https:\/\/radiostudiow.com.br\/site\/wp-json\/wp\/v2\/categories?post=38907"},{"taxonomy":"post_tag","embeddable":true,"href":"https:\/\/radiostudiow.com.br\/site\/wp-json\/wp\/v2\/tags?post=38907"}],"curies":[{"name":"wp","href":"https:\/\/api.w.org\/{rel}","templated":true}]}}