{"id":38911,"date":"2025-05-30T18:58:32","date_gmt":"2025-05-30T21:58:32","guid":{"rendered":"https:\/\/radiostudiow.com.br\/site\/?p=38911"},"modified":"2025-05-31T10:26:03","modified_gmt":"2025-05-31T13:26:03","slug":"tenente-do-corpo-de-bombeiros-de-sao-mateus-do-sul-comenta-sobre-capotamento-na-br-476","status":"publish","type":"post","link":"https:\/\/radiostudiow.com.br\/site\/2025\/05\/30\/tenente-do-corpo-de-bombeiros-de-sao-mateus-do-sul-comenta-sobre-capotamento-na-br-476\/","title":{"rendered":"Tenente do Corpo de Bombeiros de S\u00e3o Mateus do Sul comenta sobre capotamento na regi\u00e3o do Limoeiro"},"content":{"rendered":"\n<figure class=\"wp-block-image size-full\"><img loading=\"lazy\" decoding=\"async\" width=\"897\" height=\"204\" src=\"https:\/\/radiostudiow.com.br\/site\/wp-content\/uploads\/2025\/03\/image-62.png\" alt=\"\" class=\"wp-image-35859\" srcset=\"https:\/\/radiostudiow.com.br\/site\/wp-content\/uploads\/2025\/03\/image-62.png 897w, https:\/\/radiostudiow.com.br\/site\/wp-content\/uploads\/2025\/03\/image-62-300x68.png 300w, https:\/\/radiostudiow.com.br\/site\/wp-content\/uploads\/2025\/03\/image-62-768x175.png 768w\" sizes=\"auto, (max-width: 897px) 100vw, 897px\" \/><\/figure>\n\n\n\n<p>A Tenente do Corpo de Bombeiros de S\u00e3o Mateus do Sul, Mariana Rozentalski, falou sobre o grave acidente registrado na BR-476, na regi\u00e3o do Limoeiro desta sexta-feira (30).<\/p>\n\n\n\n<p>O acidente envolveu uma caminhonete S10 branca, que capotou ap\u00f3s ser jogada para fora da pista e colidir com um caminh\u00e3o que trafegava no sentido contr\u00e1rio.<\/p>\n\n\n\n<p>Segundo relato do motorista da caminhonete, ele seguia em dire\u00e7\u00e3o a S\u00e3o Mateus do Sul e, ao tentar uma ultrapassagem na terceira faixa, um caminh\u00e3o que vinha no mesmo sentido mudou repentinamente de pista.<\/p>\n\n\n\n<figure class=\"wp-block-image size-full\"><img loading=\"lazy\" decoding=\"async\" width=\"300\" height=\"180\" src=\"https:\/\/radiostudiow.com.br\/site\/wp-content\/uploads\/2025\/05\/SITE-PEQUENO.jpg\" alt=\"\" class=\"wp-image-38684\"\/><\/figure>\n\n\n\n<p>Para evitar a colis\u00e3o, o condutor desviou bruscamente, momento em que acabou colidindo com um caminh\u00e3o que trafegava no sentido oposto, resultando no capotamento da S10.<\/p>\n\n\n\n<p>De acordo com informa\u00e7\u00f5es repassadas pela comandante do Corpo de Bombeiros, tr\u00eas pessoas que estavam na caminhonete ficaram feridas e receberam atendimento no local, sendo posteriormente encaminhadas para hospitais de apoio da regi\u00e3o.<\/p>\n\n\n\n<figure class=\"wp-block-video\"><video height=\"1280\" style=\"aspect-ratio: 720 \/ 1280;\" width=\"720\" controls src=\"https:\/\/radiostudiow.com.br\/site\/wp-content\/uploads\/2025\/05\/FDownloader.Net_AQN7heowdDuFFwSEUtJgTb4a_o0o90IIVBqpM4lypOAnVcZ3oyxD5vg7fEy50ee98tWG8HHgTZJ9apB3gNiyU-jU_720p_HD.mp4\"><\/video><\/figure>\n","protected":false},"excerpt":{"rendered":"<p>A Tenente do Corpo de Bombeiros de S\u00e3o Mateus do Sul, Mariana Rozentalski, falou sobre o grave acidente registrado na BR-476, na regi\u00e3o do Limoeiro desta sexta-feira (30). O acidente envolveu uma caminhonete S10 branca, que capotou ap\u00f3s ser jogada para fora da pista e colidir com um caminh\u00e3o que trafegava no sentido contr\u00e1rio. Segundo [&hellip;]<\/p>\n","protected":false},"author":2,"featured_media":38914,"comment_status":"open","ping_status":"open","sticky":false,"template":"","format":"standard","meta":{"footnotes":""},"categories":[185],"tags":[172],"class_list":["post-38911","post","type-post","status-publish","format-standard","has-post-thumbnail","hentry","category-regional","tag-featured"],"amp_enabled":true,"_links":{"self":[{"href":"https:\/\/radiostudiow.com.br\/site\/wp-json\/wp\/v2\/posts\/38911","targetHints":{"allow":["GET"]}}],"collection":[{"href":"https:\/\/radiostudiow.com.br\/site\/wp-json\/wp\/v2\/posts"}],"about":[{"href":"https:\/\/radiostudiow.com.br\/site\/wp-json\/wp\/v2\/types\/post"}],"author":[{"embeddable":true,"href":"https:\/\/radiostudiow.com.br\/site\/wp-json\/wp\/v2\/users\/2"}],"replies":[{"embeddable":true,"href":"https:\/\/radiostudiow.com.br\/site\/wp-json\/wp\/v2\/comments?post=38911"}],"version-history":[{"count":5,"href":"https:\/\/radiostudiow.com.br\/site\/wp-json\/wp\/v2\/posts\/38911\/revisions"}],"predecessor-version":[{"id":38933,"href":"https:\/\/radiostudiow.com.br\/site\/wp-json\/wp\/v2\/posts\/38911\/revisions\/38933"}],"wp:featuredmedia":[{"embeddable":true,"href":"https:\/\/radiostudiow.com.br\/site\/wp-json\/wp\/v2\/media\/38914"}],"wp:attachment":[{"href":"https:\/\/radiostudiow.com.br\/site\/wp-json\/wp\/v2\/media?parent=38911"}],"wp:term":[{"taxonomy":"category","embeddable":true,"href":"https:\/\/radiostudiow.com.br\/site\/wp-json\/wp\/v2\/categories?post=38911"},{"taxonomy":"post_tag","embeddable":true,"href":"https:\/\/radiostudiow.com.br\/site\/wp-json\/wp\/v2\/tags?post=38911"}],"curies":[{"name":"wp","href":"https:\/\/api.w.org\/{rel}","templated":true}]}}