{"id":38923,"date":"2025-05-31T10:17:17","date_gmt":"2025-05-31T13:17:17","guid":{"rendered":"https:\/\/radiostudiow.com.br\/site\/?p=38923"},"modified":"2025-05-31T10:24:54","modified_gmt":"2025-05-31T13:24:54","slug":"motorista-fica-ferido-apos-caminhao-sair-da-pista-na-br-476","status":"publish","type":"post","link":"https:\/\/radiostudiow.com.br\/site\/2025\/05\/31\/motorista-fica-ferido-apos-caminhao-sair-da-pista-na-br-476\/","title":{"rendered":"Segundo acidente registrado na regi\u00e3o do Limoeiro nessa sexta-feira (30). Motorista fica ferido ap\u00f3s caminh\u00e3o sair da pista"},"content":{"rendered":"\n<figure class=\"wp-block-image size-full\"><img loading=\"lazy\" decoding=\"async\" width=\"300\" height=\"180\" src=\"https:\/\/radiostudiow.com.br\/site\/wp-content\/uploads\/2025\/05\/SITE-PEQUENO.jpg\" alt=\"\" class=\"wp-image-38684\"\/><\/figure>\n\n\n\n<p>Um acidente com sa\u00edda de pista foi registrado na noite desta sexta-feira, 30 de maio, na BR-476 nas proximidades da curva do Limoeiro, em Paulo Frontin.<\/p>\n\n\n\n<p>O ve\u00edculo envolvido \u00e9 um caminh\u00e3o bitrem. O motorista foi atendido pela equipe do SAMU no local e, em seguida, encaminhado ao Pronto Atendimento de Paulo Frontin.<\/p>\n","protected":false},"excerpt":{"rendered":"<p>Um acidente com sa\u00edda de pista foi registrado na noite desta sexta-feira, 30 de maio, na BR-476 nas proximidades da curva do Limoeiro, em Paulo Frontin. O ve\u00edculo envolvido \u00e9 um caminh\u00e3o bitrem. O motorista foi atendido pela equipe do SAMU no local e, em seguida, encaminhado ao Pronto Atendimento de Paulo Frontin.<\/p>\n","protected":false},"author":2,"featured_media":38924,"comment_status":"open","ping_status":"open","sticky":false,"template":"","format":"standard","meta":{"footnotes":""},"categories":[185],"tags":[172],"class_list":["post-38923","post","type-post","status-publish","format-standard","has-post-thumbnail","hentry","category-regional","tag-featured"],"amp_enabled":true,"_links":{"self":[{"href":"https:\/\/radiostudiow.com.br\/site\/wp-json\/wp\/v2\/posts\/38923","targetHints":{"allow":["GET"]}}],"collection":[{"href":"https:\/\/radiostudiow.com.br\/site\/wp-json\/wp\/v2\/posts"}],"about":[{"href":"https:\/\/radiostudiow.com.br\/site\/wp-json\/wp\/v2\/types\/post"}],"author":[{"embeddable":true,"href":"https:\/\/radiostudiow.com.br\/site\/wp-json\/wp\/v2\/users\/2"}],"replies":[{"embeddable":true,"href":"https:\/\/radiostudiow.com.br\/site\/wp-json\/wp\/v2\/comments?post=38923"}],"version-history":[{"count":2,"href":"https:\/\/radiostudiow.com.br\/site\/wp-json\/wp\/v2\/posts\/38923\/revisions"}],"predecessor-version":[{"id":38931,"href":"https:\/\/radiostudiow.com.br\/site\/wp-json\/wp\/v2\/posts\/38923\/revisions\/38931"}],"wp:featuredmedia":[{"embeddable":true,"href":"https:\/\/radiostudiow.com.br\/site\/wp-json\/wp\/v2\/media\/38924"}],"wp:attachment":[{"href":"https:\/\/radiostudiow.com.br\/site\/wp-json\/wp\/v2\/media?parent=38923"}],"wp:term":[{"taxonomy":"category","embeddable":true,"href":"https:\/\/radiostudiow.com.br\/site\/wp-json\/wp\/v2\/categories?post=38923"},{"taxonomy":"post_tag","embeddable":true,"href":"https:\/\/radiostudiow.com.br\/site\/wp-json\/wp\/v2\/tags?post=38923"}],"curies":[{"name":"wp","href":"https:\/\/api.w.org\/{rel}","templated":true}]}}