{"id":38926,"date":"2025-05-31T10:23:04","date_gmt":"2025-05-31T13:23:04","guid":{"rendered":"https:\/\/radiostudiow.com.br\/site\/?p=38926"},"modified":"2025-05-31T10:26:37","modified_gmt":"2025-05-31T13:26:37","slug":"colisao-entre-caminhonete-e-caminhao-deixa-feridos-na-br-476-regiao-do-limoeiro-em-paulo-frontin","status":"publish","type":"post","link":"https:\/\/radiostudiow.com.br\/site\/2025\/05\/31\/colisao-entre-caminhonete-e-caminhao-deixa-feridos-na-br-476-regiao-do-limoeiro-em-paulo-frontin\/","title":{"rendered":"Colis\u00e3o entre caminhonete e caminh\u00e3o deixa feridos na BR-476 regi\u00e3o do Limoeiro em Paulo Frontin"},"content":{"rendered":"\n<figure class=\"wp-block-image size-full\"><img loading=\"lazy\" decoding=\"async\" width=\"897\" height=\"204\" src=\"https:\/\/radiostudiow.com.br\/site\/wp-content\/uploads\/2025\/05\/NUTRI-MALLET.png\" alt=\"\" class=\"wp-image-37813\" srcset=\"https:\/\/radiostudiow.com.br\/site\/wp-content\/uploads\/2025\/05\/NUTRI-MALLET.png 897w, https:\/\/radiostudiow.com.br\/site\/wp-content\/uploads\/2025\/05\/NUTRI-MALLET-300x68.png 300w, https:\/\/radiostudiow.com.br\/site\/wp-content\/uploads\/2025\/05\/NUTRI-MALLET-768x175.png 768w\" sizes=\"auto, (max-width: 897px) 100vw, 897px\" \/><\/figure>\n\n\n\n<p>Uma colis\u00e3o transversal entre uma caminhonete Chevrolet\/S10 e um caminh\u00e3o ba\u00fa mobilizou equipes de socorro na regi\u00e3o de S\u00e3o Mateus do Sul na BR-476, na regi\u00e3o do Limoeiro em Paulo Frontin na tarde desta sexta-feira (30).<\/p>\n\n\n\n<p>O acidente ocorreu nas proximidades do fim de um trecho de pista duplicada da rodovia, quando, segundo relatos dos envolvidos, o caminh\u00e3o retornava para a faixa da esquerda \u2014 que logo adiante se tornaria pista \u00fanica \u2014 momento em que a caminhonete, ao trafegar ao lado do ve\u00edculo, invadiu a pista contr\u00e1ria e colidiu com outro caminh\u00e3o que seguia sentido Uni\u00e3o da Vit\u00f3ria.<\/p>\n\n\n\n<p>Ap\u00f3s o impacto, a caminhonete saiu da pista e tombou.<\/p>\n\n\n\n<p>O condutor do caminh\u00e3o ba\u00fa envolvido na colis\u00e3o estava ileso, de ambulava pelo local e recusou atendimento m\u00e9dico.<\/p>\n\n\n\n<figure class=\"wp-block-image size-full\"><img loading=\"lazy\" decoding=\"async\" width=\"598\" height=\"204\" src=\"https:\/\/radiostudiow.com.br\/site\/wp-content\/uploads\/2025\/01\/SITE-MEDIO7.png\" alt=\"\" class=\"wp-image-32801\" srcset=\"https:\/\/radiostudiow.com.br\/site\/wp-content\/uploads\/2025\/01\/SITE-MEDIO7.png 598w, https:\/\/radiostudiow.com.br\/site\/wp-content\/uploads\/2025\/01\/SITE-MEDIO7-300x102.png 300w\" sizes=\"auto, (max-width: 598px) 100vw, 598px\" \/><\/figure>\n\n\n\n<p>Na caminhonete estavam&nbsp;quatro ocupantes. O motorista tamb\u00e9m recusou encaminhamento hospitalar ap\u00f3s ser avaliado pela equipe do SAMU.<\/p>\n\n\n\n<p>Uma das v\u00edtimas, um homem de 58 anos, sofreu escoria\u00e7\u00f5es e contus\u00f5es no cr\u00e2nio e face, sendo atendido pela equipe do Corpo de Bombeiros e levado ao Pronto Atendimento de S\u00e3o Mateus do Sul.<\/p>\n\n\n\n<p>Outra passageira, em estado de aten\u00e7\u00e3o, apresentava suspeita de fratura nos arcos costais.<\/p>\n\n\n\n<p>Ela foi socorrida pelo&nbsp;SAMU e encaminhada ao Hospital Regional de Uni\u00e3o da Vit\u00f3ria, acompanhada por outra mulher, tamb\u00e9m ocupante do ve\u00edculo, que n\u00e3o apresentava ferimentos.<\/p>\n\n\n\n<figure class=\"wp-block-embed is-type-wp-embed is-provider-studio-w wp-block-embed-studio-w\"><div class=\"wp-block-embed__wrapper\">\n<blockquote class=\"wp-embedded-content\" data-secret=\"ni14Hex4mg\"><a href=\"https:\/\/radiostudiow.com.br\/site\/2025\/05\/30\/tenente-do-corpo-de-bombeiros-de-sao-mateus-do-sul-comenta-sobre-capotamento-na-br-476\/\">Tenente do Corpo de Bombeiros de S\u00e3o Mateus do Sul comenta sobre capotamento na regi\u00e3o do Limoeiro<\/a><\/blockquote><iframe loading=\"lazy\" class=\"wp-embedded-content\" sandbox=\"allow-scripts\" security=\"restricted\" style=\"position: absolute; visibility: hidden;\" title=\"&#8220;Tenente do Corpo de Bombeiros de S\u00e3o Mateus do Sul comenta sobre capotamento na regi\u00e3o do Limoeiro&#8221; &#8212; Studio W\" src=\"https:\/\/radiostudiow.com.br\/site\/2025\/05\/30\/tenente-do-corpo-de-bombeiros-de-sao-mateus-do-sul-comenta-sobre-capotamento-na-br-476\/embed\/#?secret=Huc42Oev0a#?secret=ni14Hex4mg\" data-secret=\"ni14Hex4mg\" width=\"600\" height=\"338\" frameborder=\"0\" marginwidth=\"0\" marginheight=\"0\" scrolling=\"no\"><\/iframe>\n<\/div><\/figure>\n\n\n\n<figure class=\"wp-block-image\"><img decoding=\"async\" src=\"https:\/\/static5.vvale.com.br\/wp-content\/uploads\/2025\/05\/WhatsApp-Image-2025-05-30-at-19.31.39-1-338x600.jpeg\" alt=\"\" class=\"wp-image-567091\"\/><\/figure>\n","protected":false},"excerpt":{"rendered":"<p>Uma colis\u00e3o transversal entre uma caminhonete Chevrolet\/S10 e um caminh\u00e3o ba\u00fa mobilizou equipes de socorro na regi\u00e3o de S\u00e3o Mateus do Sul na BR-476, na regi\u00e3o do Limoeiro em Paulo Frontin na tarde desta sexta-feira (30). O acidente ocorreu nas proximidades do fim de um trecho de pista duplicada da rodovia, quando, segundo relatos dos [&hellip;]<\/p>\n","protected":false},"author":2,"featured_media":38927,"comment_status":"open","ping_status":"open","sticky":false,"template":"","format":"standard","meta":{"footnotes":""},"categories":[185],"tags":[172],"class_list":["post-38926","post","type-post","status-publish","format-standard","has-post-thumbnail","hentry","category-regional","tag-featured"],"amp_enabled":true,"_links":{"self":[{"href":"https:\/\/radiostudiow.com.br\/site\/wp-json\/wp\/v2\/posts\/38926","targetHints":{"allow":["GET"]}}],"collection":[{"href":"https:\/\/radiostudiow.com.br\/site\/wp-json\/wp\/v2\/posts"}],"about":[{"href":"https:\/\/radiostudiow.com.br\/site\/wp-json\/wp\/v2\/types\/post"}],"author":[{"embeddable":true,"href":"https:\/\/radiostudiow.com.br\/site\/wp-json\/wp\/v2\/users\/2"}],"replies":[{"embeddable":true,"href":"https:\/\/radiostudiow.com.br\/site\/wp-json\/wp\/v2\/comments?post=38926"}],"version-history":[{"count":2,"href":"https:\/\/radiostudiow.com.br\/site\/wp-json\/wp\/v2\/posts\/38926\/revisions"}],"predecessor-version":[{"id":38935,"href":"https:\/\/radiostudiow.com.br\/site\/wp-json\/wp\/v2\/posts\/38926\/revisions\/38935"}],"wp:featuredmedia":[{"embeddable":true,"href":"https:\/\/radiostudiow.com.br\/site\/wp-json\/wp\/v2\/media\/38927"}],"wp:attachment":[{"href":"https:\/\/radiostudiow.com.br\/site\/wp-json\/wp\/v2\/media?parent=38926"}],"wp:term":[{"taxonomy":"category","embeddable":true,"href":"https:\/\/radiostudiow.com.br\/site\/wp-json\/wp\/v2\/categories?post=38926"},{"taxonomy":"post_tag","embeddable":true,"href":"https:\/\/radiostudiow.com.br\/site\/wp-json\/wp\/v2\/tags?post=38926"}],"curies":[{"name":"wp","href":"https:\/\/api.w.org\/{rel}","templated":true}]}}