{"id":38936,"date":"2025-05-31T10:44:27","date_gmt":"2025-05-31T13:44:27","guid":{"rendered":"https:\/\/radiostudiow.com.br\/site\/?p=38936"},"modified":"2025-05-31T10:44:28","modified_gmt":"2025-05-31T13:44:28","slug":"policia-militar-prende-homem-por-sequestro-carcere-privado-e-violencia-domestica-em-uniao-da-vitoria","status":"publish","type":"post","link":"https:\/\/radiostudiow.com.br\/site\/2025\/05\/31\/policia-militar-prende-homem-por-sequestro-carcere-privado-e-violencia-domestica-em-uniao-da-vitoria\/","title":{"rendered":"Pol\u00edcia Militar prende homem por sequestro, c\u00e1rcere privado e viol\u00eancia dom\u00e9stica em Uni\u00e3o da Vit\u00f3ria"},"content":{"rendered":"\n<figure class=\"wp-block-image size-full\"><img loading=\"lazy\" decoding=\"async\" width=\"897\" height=\"204\" src=\"https:\/\/radiostudiow.com.br\/site\/wp-content\/uploads\/2025\/03\/image-62.png\" alt=\"\" class=\"wp-image-35859\" srcset=\"https:\/\/radiostudiow.com.br\/site\/wp-content\/uploads\/2025\/03\/image-62.png 897w, https:\/\/radiostudiow.com.br\/site\/wp-content\/uploads\/2025\/03\/image-62-300x68.png 300w, https:\/\/radiostudiow.com.br\/site\/wp-content\/uploads\/2025\/03\/image-62-768x175.png 768w\" sizes=\"auto, (max-width: 897px) 100vw, 897px\" \/><\/figure>\n\n\n\n<p>A equipe da Pol\u00edcia Militar de Uni\u00e3o da Vit\u00f3ria prendeu um homem acusado de\u00a0sequestro, c\u00e1rcere privado e viol\u00eancia dom\u00e9stica no bairro S\u00e3o Cristov\u00e3o na tarde desta sexta-feira (30). A a\u00e7\u00e3o foi realizada por uma equipe da R\u00e1dio Patrulha (RPA), ap\u00f3s den\u00fancia de que uma mulher estaria sendo agredida dentro de sua resid\u00eancia.<\/p>\n\n\n\n<p>Ao chegarem ao local,\u00a0os policiais ouviram gritos de socorro vindos do interior da casa e entraram imediatamente para averigua\u00e7\u00e3o.\u00a0No p\u00e1tio, um homem jogou uma faca no ch\u00e3o ao perceber a presen\u00e7a dos agentes e se rendeu.\u00a0Durante a abordagem, foi encontrada outra faca em sua cintura.<\/p>\n\n\n\n<figure class=\"wp-block-image size-full\"><img loading=\"lazy\" decoding=\"async\" width=\"897\" height=\"204\" src=\"https:\/\/radiostudiow.com.br\/site\/wp-content\/uploads\/2025\/03\/SITE-GRANDE5.png\" alt=\"\" class=\"wp-image-35420\" srcset=\"https:\/\/radiostudiow.com.br\/site\/wp-content\/uploads\/2025\/03\/SITE-GRANDE5.png 897w, https:\/\/radiostudiow.com.br\/site\/wp-content\/uploads\/2025\/03\/SITE-GRANDE5-300x68.png 300w, https:\/\/radiostudiow.com.br\/site\/wp-content\/uploads\/2025\/03\/SITE-GRANDE5-768x175.png 768w\" sizes=\"auto, (max-width: 897px) 100vw, 897px\" \/><\/figure>\n\n\n\n<p>Dentro da resid\u00eancia, os policiais encontraram\u00a0uma mulher deficiente visual, chorando e em estado de choque.\u00a0A v\u00edtima relatou ter sido amea\u00e7ada com a faca e afirmou que j\u00e1 havia sido agredida anteriormente.\u00a0Uma cuidadora que estava no local tamb\u00e9m declarou ter sido amea\u00e7ada, desta vez com um machado.<\/p>\n\n\n\n<p>O Servi\u00e7o de Atendimento M\u00f3vel de Urg\u00eancia (SAMU) foi acionado para prestar socorro \u00e0 v\u00edtima,\u00a0que apresentava dores ap\u00f3s uma queda recente. O agressor foi detido e encaminhado \u00e0 delegacia, onde permanece \u00e0 disposi\u00e7\u00e3o da Justi\u00e7a.\u00a0As armas utilizadas nas amea\u00e7as foram apreendidas.\u00a0O caso segue sendo investigado pelas autoridades.<\/p>\n","protected":false},"excerpt":{"rendered":"<p>A equipe da Pol\u00edcia Militar de Uni\u00e3o da Vit\u00f3ria prendeu um homem acusado de\u00a0sequestro, c\u00e1rcere privado e viol\u00eancia dom\u00e9stica no bairro S\u00e3o Cristov\u00e3o na tarde desta sexta-feira (30). A a\u00e7\u00e3o foi realizada por uma equipe da R\u00e1dio Patrulha (RPA), ap\u00f3s den\u00fancia de que uma mulher estaria sendo agredida dentro de sua resid\u00eancia. Ao chegarem ao [&hellip;]<\/p>\n","protected":false},"author":2,"featured_media":38633,"comment_status":"open","ping_status":"open","sticky":false,"template":"","format":"standard","meta":{"footnotes":""},"categories":[2],"tags":[172],"class_list":["post-38936","post","type-post","status-publish","format-standard","has-post-thumbnail","hentry","category-policial","tag-featured"],"amp_enabled":true,"_links":{"self":[{"href":"https:\/\/radiostudiow.com.br\/site\/wp-json\/wp\/v2\/posts\/38936","targetHints":{"allow":["GET"]}}],"collection":[{"href":"https:\/\/radiostudiow.com.br\/site\/wp-json\/wp\/v2\/posts"}],"about":[{"href":"https:\/\/radiostudiow.com.br\/site\/wp-json\/wp\/v2\/types\/post"}],"author":[{"embeddable":true,"href":"https:\/\/radiostudiow.com.br\/site\/wp-json\/wp\/v2\/users\/2"}],"replies":[{"embeddable":true,"href":"https:\/\/radiostudiow.com.br\/site\/wp-json\/wp\/v2\/comments?post=38936"}],"version-history":[{"count":3,"href":"https:\/\/radiostudiow.com.br\/site\/wp-json\/wp\/v2\/posts\/38936\/revisions"}],"predecessor-version":[{"id":38939,"href":"https:\/\/radiostudiow.com.br\/site\/wp-json\/wp\/v2\/posts\/38936\/revisions\/38939"}],"wp:featuredmedia":[{"embeddable":true,"href":"https:\/\/radiostudiow.com.br\/site\/wp-json\/wp\/v2\/media\/38633"}],"wp:attachment":[{"href":"https:\/\/radiostudiow.com.br\/site\/wp-json\/wp\/v2\/media?parent=38936"}],"wp:term":[{"taxonomy":"category","embeddable":true,"href":"https:\/\/radiostudiow.com.br\/site\/wp-json\/wp\/v2\/categories?post=38936"},{"taxonomy":"post_tag","embeddable":true,"href":"https:\/\/radiostudiow.com.br\/site\/wp-json\/wp\/v2\/tags?post=38936"}],"curies":[{"name":"wp","href":"https:\/\/api.w.org\/{rel}","templated":true}]}}