{"id":38940,"date":"2025-05-31T11:30:35","date_gmt":"2025-05-31T14:30:35","guid":{"rendered":"https:\/\/radiostudiow.com.br\/site\/?p=38940"},"modified":"2025-05-31T11:30:35","modified_gmt":"2025-05-31T14:30:35","slug":"dois-veiculos-sao-furtados-em-sao-joao-do-triunfo","status":"publish","type":"post","link":"https:\/\/radiostudiow.com.br\/site\/2025\/05\/31\/dois-veiculos-sao-furtados-em-sao-joao-do-triunfo\/","title":{"rendered":"Dois ve\u00edculos s\u00e3o furtados em S\u00e3o Jo\u00e3o do Triunfo"},"content":{"rendered":"\n<p>Dois ve\u00edculos foram furtados em S\u00e3o Jo\u00e3o do Triunfo na noite desta sexta-feira, 30 de maio, e a madrugada de s\u00e1bado (31).<\/p>\n\n\n\n<p>Os autom\u00f3veis levados s\u00e3o uma caminhonete Ford F-250, de cor preta, placas AGO-0094, que estava estacionada em frente ao Parque de Eventos do munic\u00edpio, e um Fiat Palio ELX, cor bord\u00f4, ano 2005, com placas AMO 4H46.<\/p>\n\n\n\n<figure class=\"wp-block-image size-full\"><img loading=\"lazy\" decoding=\"async\" width=\"598\" height=\"204\" src=\"https:\/\/radiostudiow.com.br\/site\/wp-content\/uploads\/2025\/01\/SITE-MEDIO.png\" alt=\"\" class=\"wp-image-32810\" srcset=\"https:\/\/radiostudiow.com.br\/site\/wp-content\/uploads\/2025\/01\/SITE-MEDIO.png 598w, https:\/\/radiostudiow.com.br\/site\/wp-content\/uploads\/2025\/01\/SITE-MEDIO-300x102.png 300w\" sizes=\"auto, (max-width: 598px) 100vw, 598px\" \/><\/figure>\n\n\n\n<p>A Pol\u00edcia Militar realiza buscas e solicita a colabora\u00e7\u00e3o da popula\u00e7\u00e3o. Informa\u00e7\u00f5es que possam ajudar na localiza\u00e7\u00e3o dos ve\u00edculos podem ser repassadas de forma an\u00f4nima pelo telefone 190 ou via WhatsApp pelo n\u00famero (42) 3523-2307.<\/p>\n\n\n\n<p><strong><em>Da Reda\u00e7\u00e3o RDX, com informa\u00e7\u00f5es Clic Sul News<\/em><\/strong><\/p>\n","protected":false},"excerpt":{"rendered":"<p>Dois ve\u00edculos foram furtados em S\u00e3o Jo\u00e3o do Triunfo na noite desta sexta-feira, 30 de maio, e a madrugada de s\u00e1bado (31). Os autom\u00f3veis levados s\u00e3o uma caminhonete Ford F-250, de cor preta, placas AGO-0094, que estava estacionada em frente ao Parque de Eventos do munic\u00edpio, e um Fiat Palio ELX, cor bord\u00f4, ano 2005, [&hellip;]<\/p>\n","protected":false},"author":2,"featured_media":38942,"comment_status":"open","ping_status":"open","sticky":false,"template":"","format":"standard","meta":{"footnotes":""},"categories":[2],"tags":[172],"class_list":["post-38940","post","type-post","status-publish","format-standard","has-post-thumbnail","hentry","category-policial","tag-featured"],"amp_enabled":true,"_links":{"self":[{"href":"https:\/\/radiostudiow.com.br\/site\/wp-json\/wp\/v2\/posts\/38940","targetHints":{"allow":["GET"]}}],"collection":[{"href":"https:\/\/radiostudiow.com.br\/site\/wp-json\/wp\/v2\/posts"}],"about":[{"href":"https:\/\/radiostudiow.com.br\/site\/wp-json\/wp\/v2\/types\/post"}],"author":[{"embeddable":true,"href":"https:\/\/radiostudiow.com.br\/site\/wp-json\/wp\/v2\/users\/2"}],"replies":[{"embeddable":true,"href":"https:\/\/radiostudiow.com.br\/site\/wp-json\/wp\/v2\/comments?post=38940"}],"version-history":[{"count":1,"href":"https:\/\/radiostudiow.com.br\/site\/wp-json\/wp\/v2\/posts\/38940\/revisions"}],"predecessor-version":[{"id":38943,"href":"https:\/\/radiostudiow.com.br\/site\/wp-json\/wp\/v2\/posts\/38940\/revisions\/38943"}],"wp:featuredmedia":[{"embeddable":true,"href":"https:\/\/radiostudiow.com.br\/site\/wp-json\/wp\/v2\/media\/38942"}],"wp:attachment":[{"href":"https:\/\/radiostudiow.com.br\/site\/wp-json\/wp\/v2\/media?parent=38940"}],"wp:term":[{"taxonomy":"category","embeddable":true,"href":"https:\/\/radiostudiow.com.br\/site\/wp-json\/wp\/v2\/categories?post=38940"},{"taxonomy":"post_tag","embeddable":true,"href":"https:\/\/radiostudiow.com.br\/site\/wp-json\/wp\/v2\/tags?post=38940"}],"curies":[{"name":"wp","href":"https:\/\/api.w.org\/{rel}","templated":true}]}}