{"id":38941,"date":"2025-05-31T11:53:11","date_gmt":"2025-05-31T14:53:11","guid":{"rendered":"https:\/\/radiostudiow.com.br\/site\/?p=38941"},"modified":"2025-05-31T11:53:12","modified_gmt":"2025-05-31T14:53:12","slug":"duas-pessoas-ficam-feridas-em-colisao-na-br-153-entre-reboucas-e-irati","status":"publish","type":"post","link":"https:\/\/radiostudiow.com.br\/site\/2025\/05\/31\/duas-pessoas-ficam-feridas-em-colisao-na-br-153-entre-reboucas-e-irati\/","title":{"rendered":"Duas pessoas ficam feridas em colis\u00e3o na BR-153 entre Rebou\u00e7as e Irati"},"content":{"rendered":"\n<p><\/p>\n\n\n\n<figure class=\"wp-block-image size-full\"><img loading=\"lazy\" decoding=\"async\" width=\"598\" height=\"204\" src=\"https:\/\/radiostudiow.com.br\/site\/wp-content\/uploads\/2025\/05\/BEAZY.jpg.png\" alt=\"\" class=\"wp-image-38197\" srcset=\"https:\/\/radiostudiow.com.br\/site\/wp-content\/uploads\/2025\/05\/BEAZY.jpg.png 598w, https:\/\/radiostudiow.com.br\/site\/wp-content\/uploads\/2025\/05\/BEAZY.jpg-300x102.png 300w\" sizes=\"auto, (max-width: 598px) 100vw, 598px\" \/><\/figure>\n\n\n\n<p><\/p>\n\n\n\n<p><strong>Um acidente de tr\u00e2nsito foi registrado na manh\u00e3 deste s\u00e1bado (31) na BR-153, na altura do quil\u00f4metro 345, entre os munic\u00edpios de Rebou\u00e7as e Irati.  A ocorr\u00eancia foi registrada oficialmente pelo 6\u00ba Grupamento de Bombeiros (6\u00ba CIBM) \u00e0s 6h17.<\/strong><\/p>\n\n\n\n<p> A colis\u00e3o envolveu dois autom\u00f3veis e deixou duas pessoas feridas.<\/p>\n\n\n\n<figure class=\"wp-block-image size-large\"><img loading=\"lazy\" decoding=\"async\" width=\"768\" height=\"1024\" src=\"https:\/\/radiostudiow.com.br\/site\/wp-content\/uploads\/2025\/05\/2aaadcb0-3fc9-4919-a60a-4fc370de5968-768x1024.jpg\" alt=\"\" class=\"wp-image-38946\" srcset=\"https:\/\/radiostudiow.com.br\/site\/wp-content\/uploads\/2025\/05\/2aaadcb0-3fc9-4919-a60a-4fc370de5968-768x1024.jpg 768w, https:\/\/radiostudiow.com.br\/site\/wp-content\/uploads\/2025\/05\/2aaadcb0-3fc9-4919-a60a-4fc370de5968-225x300.jpg 225w, https:\/\/radiostudiow.com.br\/site\/wp-content\/uploads\/2025\/05\/2aaadcb0-3fc9-4919-a60a-4fc370de5968.jpg 960w\" sizes=\"auto, (max-width: 768px) 100vw, 768px\" \/><\/figure>\n\n\n\n<p><\/p>\n\n\n\n<p>Equipes do Servi\u00e7o de Atendimento M\u00f3vel de Urg\u00eancia (SAMU), do Corpo de Bombeiros e da Defesa Civil de Rebou\u00e7as foram acionadas e prestaram atendimento \u00e0s v\u00edtimas ainda no local. <\/p>\n\n\n\n<figure class=\"wp-block-image size-large\"><img loading=\"lazy\" decoding=\"async\" width=\"1024\" height=\"614\" src=\"https:\/\/radiostudiow.com.br\/site\/wp-content\/uploads\/2025\/05\/AVENIDA-BIKE-1-1024x614.png\" alt=\"\" class=\"wp-image-38717\" srcset=\"https:\/\/radiostudiow.com.br\/site\/wp-content\/uploads\/2025\/05\/AVENIDA-BIKE-1-1024x614.png 1024w, https:\/\/radiostudiow.com.br\/site\/wp-content\/uploads\/2025\/05\/AVENIDA-BIKE-1-300x180.png 300w, https:\/\/radiostudiow.com.br\/site\/wp-content\/uploads\/2025\/05\/AVENIDA-BIKE-1-768x461.png 768w, https:\/\/radiostudiow.com.br\/site\/wp-content\/uploads\/2025\/05\/AVENIDA-BIKE-1-1536x921.png 1536w, https:\/\/radiostudiow.com.br\/site\/wp-content\/uploads\/2025\/05\/AVENIDA-BIKE-1-1000x600.png 1000w, https:\/\/radiostudiow.com.br\/site\/wp-content\/uploads\/2025\/05\/AVENIDA-BIKE-1.png 1672w\" sizes=\"auto, (max-width: 1024px) 100vw, 1024px\" \/><\/figure>\n\n\n\n<p><\/p>\n\n\n\n<h2 class=\"wp-block-heading\">Segundo informa\u00e7\u00f5es preliminares, ambas foram encaminhadas para avalia\u00e7\u00e3o m\u00e9dica e n\u00e3o correm risco de morte.<\/h2>\n\n\n\n<p>A Pol\u00edcia Rodovi\u00e1ria Federal (PRF) tamb\u00e9m atendeu \u00e0 ocorr\u00eancia e acompanha a investiga\u00e7\u00e3o para apurar as causas do acidente, que ainda n\u00e3o foram esclarecidas. Durante o atendimento, o tr\u00e1fego na regi\u00e3o precisou ser parcialmente interditado, sendo controlado pelas equipes de resgate.<\/p>\n\n\n\n<figure class=\"wp-block-image size-large\"><img loading=\"lazy\" decoding=\"async\" width=\"1024\" height=\"768\" src=\"https:\/\/radiostudiow.com.br\/site\/wp-content\/uploads\/2025\/05\/516e1d57-904d-45cc-90c7-c11cfb9f4439-1024x768.jpg\" alt=\"\" class=\"wp-image-38947\" srcset=\"https:\/\/radiostudiow.com.br\/site\/wp-content\/uploads\/2025\/05\/516e1d57-904d-45cc-90c7-c11cfb9f4439-1024x768.jpg 1024w, https:\/\/radiostudiow.com.br\/site\/wp-content\/uploads\/2025\/05\/516e1d57-904d-45cc-90c7-c11cfb9f4439-300x225.jpg 300w, https:\/\/radiostudiow.com.br\/site\/wp-content\/uploads\/2025\/05\/516e1d57-904d-45cc-90c7-c11cfb9f4439-768x576.jpg 768w, https:\/\/radiostudiow.com.br\/site\/wp-content\/uploads\/2025\/05\/516e1d57-904d-45cc-90c7-c11cfb9f4439.jpg 1280w\" sizes=\"auto, (max-width: 1024px) 100vw, 1024px\" \/><\/figure>\n\n\n\n<p><\/p>\n\n\n\n<p><\/p>\n\n\n\n<h2 class=\"wp-block-heading\">As imagens do local foram registradas pela Brigada Comunit\u00e1ria de Rebou\u00e7as, com apoio do rep\u00f3rter Kiko de Oliveira.<\/h2>\n\n\n\n<p><\/p>\n\n\n\n<p>A qualquer momento, mais informa\u00e7\u00f5es.<\/p>\n\n\n\n<figure class=\"wp-block-image size-full\"><img loading=\"lazy\" decoding=\"async\" width=\"598\" height=\"204\" src=\"https:\/\/radiostudiow.com.br\/site\/wp-content\/uploads\/2025\/01\/SITE-MEDIO7.png\" alt=\"\" class=\"wp-image-32801\" srcset=\"https:\/\/radiostudiow.com.br\/site\/wp-content\/uploads\/2025\/01\/SITE-MEDIO7.png 598w, https:\/\/radiostudiow.com.br\/site\/wp-content\/uploads\/2025\/01\/SITE-MEDIO7-300x102.png 300w\" sizes=\"auto, (max-width: 598px) 100vw, 598px\" \/><\/figure>\n\n\n\n<p><\/p>\n\n\n\n<figure class=\"wp-block-image size-large\"><img loading=\"lazy\" decoding=\"async\" width=\"1024\" height=\"768\" src=\"https:\/\/radiostudiow.com.br\/site\/wp-content\/uploads\/2025\/05\/be8e47bb-5053-4657-8224-33cc417f64e3-1024x768.jpg\" alt=\"\" class=\"wp-image-38945\" srcset=\"https:\/\/radiostudiow.com.br\/site\/wp-content\/uploads\/2025\/05\/be8e47bb-5053-4657-8224-33cc417f64e3-1024x768.jpg 1024w, https:\/\/radiostudiow.com.br\/site\/wp-content\/uploads\/2025\/05\/be8e47bb-5053-4657-8224-33cc417f64e3-300x225.jpg 300w, https:\/\/radiostudiow.com.br\/site\/wp-content\/uploads\/2025\/05\/be8e47bb-5053-4657-8224-33cc417f64e3-768x576.jpg 768w, https:\/\/radiostudiow.com.br\/site\/wp-content\/uploads\/2025\/05\/be8e47bb-5053-4657-8224-33cc417f64e3.jpg 1280w\" sizes=\"auto, (max-width: 1024px) 100vw, 1024px\" \/><\/figure>\n","protected":false},"excerpt":{"rendered":"<p>Um acidente de tr\u00e2nsito foi registrado na manh\u00e3 deste s\u00e1bado (31) na BR-153, na altura do quil\u00f4metro 345, entre os munic\u00edpios de Rebou\u00e7as e Irati. A ocorr\u00eancia foi registrada oficialmente pelo 6\u00ba Grupamento de Bombeiros (6\u00ba CIBM) \u00e0s 6h17. A colis\u00e3o envolveu dois autom\u00f3veis e deixou duas pessoas feridas. Equipes do Servi\u00e7o de Atendimento M\u00f3vel [&hellip;]<\/p>\n","protected":false},"author":2,"featured_media":38954,"comment_status":"open","ping_status":"open","sticky":false,"template":"","format":"standard","meta":{"footnotes":""},"categories":[185],"tags":[172],"class_list":["post-38941","post","type-post","status-publish","format-standard","has-post-thumbnail","hentry","category-regional","tag-featured"],"amp_enabled":true,"_links":{"self":[{"href":"https:\/\/radiostudiow.com.br\/site\/wp-json\/wp\/v2\/posts\/38941","targetHints":{"allow":["GET"]}}],"collection":[{"href":"https:\/\/radiostudiow.com.br\/site\/wp-json\/wp\/v2\/posts"}],"about":[{"href":"https:\/\/radiostudiow.com.br\/site\/wp-json\/wp\/v2\/types\/post"}],"author":[{"embeddable":true,"href":"https:\/\/radiostudiow.com.br\/site\/wp-json\/wp\/v2\/users\/2"}],"replies":[{"embeddable":true,"href":"https:\/\/radiostudiow.com.br\/site\/wp-json\/wp\/v2\/comments?post=38941"}],"version-history":[{"count":1,"href":"https:\/\/radiostudiow.com.br\/site\/wp-json\/wp\/v2\/posts\/38941\/revisions"}],"predecessor-version":[{"id":38955,"href":"https:\/\/radiostudiow.com.br\/site\/wp-json\/wp\/v2\/posts\/38941\/revisions\/38955"}],"wp:featuredmedia":[{"embeddable":true,"href":"https:\/\/radiostudiow.com.br\/site\/wp-json\/wp\/v2\/media\/38954"}],"wp:attachment":[{"href":"https:\/\/radiostudiow.com.br\/site\/wp-json\/wp\/v2\/media?parent=38941"}],"wp:term":[{"taxonomy":"category","embeddable":true,"href":"https:\/\/radiostudiow.com.br\/site\/wp-json\/wp\/v2\/categories?post=38941"},{"taxonomy":"post_tag","embeddable":true,"href":"https:\/\/radiostudiow.com.br\/site\/wp-json\/wp\/v2\/tags?post=38941"}],"curies":[{"name":"wp","href":"https:\/\/api.w.org\/{rel}","templated":true}]}}