{"id":38949,"date":"2025-05-31T11:45:53","date_gmt":"2025-05-31T14:45:53","guid":{"rendered":"https:\/\/radiostudiow.com.br\/site\/?p=38949"},"modified":"2025-05-31T11:45:53","modified_gmt":"2025-05-31T14:45:53","slug":"moradora-tem-celular-roubado-sob-ameaca-de-faca-no-bairro-alto-da-lagoa-em-irati","status":"publish","type":"post","link":"https:\/\/radiostudiow.com.br\/site\/2025\/05\/31\/moradora-tem-celular-roubado-sob-ameaca-de-faca-no-bairro-alto-da-lagoa-em-irati\/","title":{"rendered":"Moradora tem celular roubado sob amea\u00e7a de faca no bairro Alto da Lagoa, em Irati"},"content":{"rendered":"\n<figure class=\"wp-block-image size-full\"><img loading=\"lazy\" decoding=\"async\" width=\"598\" height=\"204\" src=\"https:\/\/radiostudiow.com.br\/site\/wp-content\/uploads\/2025\/05\/BEAZY.jpg.png\" alt=\"\" class=\"wp-image-38197\" srcset=\"https:\/\/radiostudiow.com.br\/site\/wp-content\/uploads\/2025\/05\/BEAZY.jpg.png 598w, https:\/\/radiostudiow.com.br\/site\/wp-content\/uploads\/2025\/05\/BEAZY.jpg-300x102.png 300w\" sizes=\"auto, (max-width: 598px) 100vw, 598px\" \/><\/figure>\n\n\n\n<p>Um roubo \u00e0 m\u00e3o armada foi registrado na noite desta quinta-feira (29) no bairro Alto da Lagoa, em Irati. A ocorr\u00eancia mobilizou a Pol\u00edcia Militar por volta das 20h, ap\u00f3s a v\u00edtima acionar a equipe para relatar o crime.<\/p>\n\n\n\n<p>De acordo com informa\u00e7\u00f5es da 8\u00aa Companhia da PM, a v\u00edtima contou que, por volta das 20h, foi surpreendida por uma mulher \u2014 moradora do mesmo bairro \u2014 que chegou em sua resid\u00eancia acompanhada de um homem. O casal invadiu o im\u00f3vel portando uma faca e, mediante amea\u00e7a, exigiu que ela entregasse seu aparelho celular.<\/p>\n\n\n\n<figure class=\"wp-block-image size-full\"><img loading=\"lazy\" decoding=\"async\" width=\"300\" height=\"180\" src=\"https:\/\/radiostudiow.com.br\/site\/wp-content\/uploads\/2025\/04\/AGRODU.png\" alt=\"\" class=\"wp-image-37219\"\/><\/figure>\n\n\n\n<p>Ap\u00f3s o roubo, os autores fugiram do local tomando rumo ignorado. A Pol\u00edcia Militar realizou patrulhamento na regi\u00e3o, mas at\u00e9 o momento ningu\u00e9m foi localizado.<\/p>\n\n\n\n<p>O boletim de ocorr\u00eancia foi confeccionado e encaminhado \u00e0 41\u00aa Delegacia de Pol\u00edcia Civil de Irati, que ficar\u00e1 respons\u00e1vel pela investiga\u00e7\u00e3o do caso. A v\u00edtima tamb\u00e9m foi orientada sobre os procedimentos legais a serem seguidos.<\/p>\n\n\n\n<p><em><strong>Fonte: 8\u00aa CIPM \/ Rep\u00f3rter Kiko de Oliveira<\/strong><\/em><\/p>\n","protected":false},"excerpt":{"rendered":"<p>Um roubo \u00e0 m\u00e3o armada foi registrado na noite desta quinta-feira (29) no bairro Alto da Lagoa, em Irati. A ocorr\u00eancia mobilizou a Pol\u00edcia Militar por volta das 20h, ap\u00f3s a v\u00edtima acionar a equipe para relatar o crime. De acordo com informa\u00e7\u00f5es da 8\u00aa Companhia da PM, a v\u00edtima contou que, por volta das [&hellip;]<\/p>\n","protected":false},"author":2,"featured_media":32720,"comment_status":"open","ping_status":"open","sticky":false,"template":"","format":"standard","meta":{"footnotes":""},"categories":[185],"tags":[172],"class_list":["post-38949","post","type-post","status-publish","format-standard","has-post-thumbnail","hentry","category-regional","tag-featured"],"amp_enabled":true,"_links":{"self":[{"href":"https:\/\/radiostudiow.com.br\/site\/wp-json\/wp\/v2\/posts\/38949","targetHints":{"allow":["GET"]}}],"collection":[{"href":"https:\/\/radiostudiow.com.br\/site\/wp-json\/wp\/v2\/posts"}],"about":[{"href":"https:\/\/radiostudiow.com.br\/site\/wp-json\/wp\/v2\/types\/post"}],"author":[{"embeddable":true,"href":"https:\/\/radiostudiow.com.br\/site\/wp-json\/wp\/v2\/users\/2"}],"replies":[{"embeddable":true,"href":"https:\/\/radiostudiow.com.br\/site\/wp-json\/wp\/v2\/comments?post=38949"}],"version-history":[{"count":1,"href":"https:\/\/radiostudiow.com.br\/site\/wp-json\/wp\/v2\/posts\/38949\/revisions"}],"predecessor-version":[{"id":38950,"href":"https:\/\/radiostudiow.com.br\/site\/wp-json\/wp\/v2\/posts\/38949\/revisions\/38950"}],"wp:featuredmedia":[{"embeddable":true,"href":"https:\/\/radiostudiow.com.br\/site\/wp-json\/wp\/v2\/media\/32720"}],"wp:attachment":[{"href":"https:\/\/radiostudiow.com.br\/site\/wp-json\/wp\/v2\/media?parent=38949"}],"wp:term":[{"taxonomy":"category","embeddable":true,"href":"https:\/\/radiostudiow.com.br\/site\/wp-json\/wp\/v2\/categories?post=38949"},{"taxonomy":"post_tag","embeddable":true,"href":"https:\/\/radiostudiow.com.br\/site\/wp-json\/wp\/v2\/tags?post=38949"}],"curies":[{"name":"wp","href":"https:\/\/api.w.org\/{rel}","templated":true}]}}