{"id":38951,"date":"2025-05-31T11:47:59","date_gmt":"2025-05-31T14:47:59","guid":{"rendered":"https:\/\/radiostudiow.com.br\/site\/?p=38951"},"modified":"2025-05-31T11:47:59","modified_gmt":"2025-05-31T14:47:59","slug":"homem-e-agredido-com-soco-no-rosto-dentro-de-bar-em-rio-azul","status":"publish","type":"post","link":"https:\/\/radiostudiow.com.br\/site\/2025\/05\/31\/homem-e-agredido-com-soco-no-rosto-dentro-de-bar-em-rio-azul\/","title":{"rendered":"Homem \u00e9 agredido com soco no rosto dentro de bar em Rio Azul"},"content":{"rendered":"\n<figure class=\"wp-block-image size-full\"><img loading=\"lazy\" decoding=\"async\" width=\"598\" height=\"204\" src=\"https:\/\/radiostudiow.com.br\/site\/wp-content\/uploads\/2025\/04\/BOROX.png\" alt=\"\" class=\"wp-image-37229\" srcset=\"https:\/\/radiostudiow.com.br\/site\/wp-content\/uploads\/2025\/04\/BOROX.png 598w, https:\/\/radiostudiow.com.br\/site\/wp-content\/uploads\/2025\/04\/BOROX-300x102.png 300w\" sizes=\"auto, (max-width: 598px) 100vw, 598px\" \/><\/figure>\n\n\n\n<p>Um caso de les\u00e3o corporal foi registrado na tarde desta quinta-feira, 29 de maio, no munic\u00edpio de Rio Azul. A ocorr\u00eancia chegou ao conhecimento da Pol\u00edcia Militar por volta das 16h30, quando a v\u00edtima procurou o Destacamento Policial para relatar a agress\u00e3o.<\/p>\n\n\n\n<p>Segundo informa\u00e7\u00f5es repassadas pela 8\u00aa Companhia da PM, um homem compareceu \u00e0 unidade policial informando que, por volta das 15h50, estava em um bar quando foi surpreendido com um soco na face desferido por outro frequentador do local. A agress\u00e3o teria causado uma les\u00e3o vis\u00edvel, conforme relatado pela v\u00edtima.<\/p>\n\n\n\n<figure class=\"wp-block-image size-full\"><img loading=\"lazy\" decoding=\"async\" width=\"300\" height=\"180\" src=\"https:\/\/radiostudiow.com.br\/site\/wp-content\/uploads\/2025\/05\/SITE-PEQUENO.jpg\" alt=\"\" class=\"wp-image-38684\"\/><\/figure>\n\n\n\n<p>O homem declarou ainda que n\u00e3o houve qualquer motivo aparente para a viol\u00eancia e que desconhece a raz\u00e3o pela qual foi atacado.<\/p>\n\n\n\n<p>Ap\u00f3s o registro da den\u00fancia, a equipe policial realizou patrulhamentos na tentativa de localizar o autor da agress\u00e3o, mas at\u00e9 o momento n\u00e3o obteve \u00eaxito. O caso segue sob investiga\u00e7\u00e3o, e a v\u00edtima foi orientada quanto aos procedimentos legais cab\u00edveis.<\/p>\n\n\n\n<p>Fonte: 8\u00aa CIPM \/ Rep\u00f3rter Kiko de Oliveira<\/p>\n","protected":false},"excerpt":{"rendered":"<p>Um caso de les\u00e3o corporal foi registrado na tarde desta quinta-feira, 29 de maio, no munic\u00edpio de Rio Azul. A ocorr\u00eancia chegou ao conhecimento da Pol\u00edcia Militar por volta das 16h30, quando a v\u00edtima procurou o Destacamento Policial para relatar a agress\u00e3o. Segundo informa\u00e7\u00f5es repassadas pela 8\u00aa Companhia da PM, um homem compareceu \u00e0 unidade [&hellip;]<\/p>\n","protected":false},"author":2,"featured_media":35305,"comment_status":"open","ping_status":"open","sticky":false,"template":"","format":"standard","meta":{"footnotes":""},"categories":[2],"tags":[172],"class_list":["post-38951","post","type-post","status-publish","format-standard","has-post-thumbnail","hentry","category-policial","tag-featured"],"amp_enabled":true,"_links":{"self":[{"href":"https:\/\/radiostudiow.com.br\/site\/wp-json\/wp\/v2\/posts\/38951","targetHints":{"allow":["GET"]}}],"collection":[{"href":"https:\/\/radiostudiow.com.br\/site\/wp-json\/wp\/v2\/posts"}],"about":[{"href":"https:\/\/radiostudiow.com.br\/site\/wp-json\/wp\/v2\/types\/post"}],"author":[{"embeddable":true,"href":"https:\/\/radiostudiow.com.br\/site\/wp-json\/wp\/v2\/users\/2"}],"replies":[{"embeddable":true,"href":"https:\/\/radiostudiow.com.br\/site\/wp-json\/wp\/v2\/comments?post=38951"}],"version-history":[{"count":1,"href":"https:\/\/radiostudiow.com.br\/site\/wp-json\/wp\/v2\/posts\/38951\/revisions"}],"predecessor-version":[{"id":38952,"href":"https:\/\/radiostudiow.com.br\/site\/wp-json\/wp\/v2\/posts\/38951\/revisions\/38952"}],"wp:featuredmedia":[{"embeddable":true,"href":"https:\/\/radiostudiow.com.br\/site\/wp-json\/wp\/v2\/media\/35305"}],"wp:attachment":[{"href":"https:\/\/radiostudiow.com.br\/site\/wp-json\/wp\/v2\/media?parent=38951"}],"wp:term":[{"taxonomy":"category","embeddable":true,"href":"https:\/\/radiostudiow.com.br\/site\/wp-json\/wp\/v2\/categories?post=38951"},{"taxonomy":"post_tag","embeddable":true,"href":"https:\/\/radiostudiow.com.br\/site\/wp-json\/wp\/v2\/tags?post=38951"}],"curies":[{"name":"wp","href":"https:\/\/api.w.org\/{rel}","templated":true}]}}