{"id":38960,"date":"2025-05-31T15:33:36","date_gmt":"2025-05-31T18:33:36","guid":{"rendered":"https:\/\/radiostudiow.com.br\/site\/?p=38960"},"modified":"2025-05-31T15:33:37","modified_gmt":"2025-05-31T18:33:37","slug":"entrevista-com-delegado-dr-donizete-destaca-combate-a-violencia-domestica-na-comarca-de-mallet","status":"publish","type":"post","link":"https:\/\/radiostudiow.com.br\/site\/2025\/05\/31\/entrevista-com-delegado-dr-donizete-destaca-combate-a-violencia-domestica-na-comarca-de-mallet\/","title":{"rendered":"Entrevista com delegado Dr. Donizete destaca combate \u00e0 viol\u00eancia dom\u00e9stica na Comarca de Mallet"},"content":{"rendered":"\n<p><\/p>\n\n\n\n<figure class=\"wp-block-image size-full\"><img loading=\"lazy\" decoding=\"async\" width=\"897\" height=\"204\" src=\"https:\/\/radiostudiow.com.br\/site\/wp-content\/uploads\/2025\/03\/SITE-GRANDE5.png\" alt=\"\" class=\"wp-image-35420\" srcset=\"https:\/\/radiostudiow.com.br\/site\/wp-content\/uploads\/2025\/03\/SITE-GRANDE5.png 897w, https:\/\/radiostudiow.com.br\/site\/wp-content\/uploads\/2025\/03\/SITE-GRANDE5-300x68.png 300w, https:\/\/radiostudiow.com.br\/site\/wp-content\/uploads\/2025\/03\/SITE-GRANDE5-768x175.png 768w\" sizes=\"auto, (max-width: 897px) 100vw, 897px\" \/><\/figure>\n\n\n\n<p><\/p>\n\n\n\n<h2 class=\"wp-block-heading\">A <strong>STUDIO W TV<\/strong>, por meio do <strong>Jornal W Not\u00edcias<\/strong>, realizou uma importante entrevista com o <strong>delegado Dr. Donizete de Arruda Gordiano<\/strong>, titular da <strong>10\u00aa Delegacia Regional da Pol\u00edcia Civil de Mallet<\/strong>, abordando um tema urgente e sens\u00edvel: <strong>a Viol\u00eancia Dom\u00e9stica<\/strong>.<\/h2>\n\n\n\n<p><\/p>\n\n\n\n<blockquote class=\"wp-block-quote is-layout-flow wp-block-quote-is-layout-flow\">\n<p>Durante a conversa, Dr. Donizete apresentou um panorama realista dos casos registrados na comarca de Mallet, que abrange tamb\u00e9m o munic\u00edpio de Paulo Frontin.<\/p>\n<\/blockquote>\n\n\n\n<p>O delegado destacou que a viol\u00eancia dom\u00e9stica segue sendo um dos crimes mais recorrentes e preocupantes na regi\u00e3o, afetando fam\u00edlias de diferentes perfis e contextos.<\/p>\n\n\n\n<p>Com clareza, ele orientou as v\u00edtimas e a popula\u00e7\u00e3o em geral sobre a import\u00e2ncia de denunciar agress\u00f5es e buscar apoio. \u201cInformar, conscientizar e agir s\u00e3o os primeiros passos para salvar vidas\u201d, afirmou o delegado, ressaltando que <strong>o sil\u00eancio da v\u00edtima pode ser o maior aliado do agressor<\/strong>.<\/p>\n\n\n\n<p>Dr. Donizete ainda refor\u00e7ou que as <strong>Pol\u00edcias Civil e Militar<\/strong>, juntamente com o <strong>Poder Judici\u00e1rio<\/strong>, t\u00eam atuado de forma conjunta e incans\u00e1vel no enfrentamento desse tipo de crime. Segundo ele, a\u00e7\u00f5es integradas e den\u00fancias s\u00e3o fundamentais para coibir o avan\u00e7o da viol\u00eancia e garantir prote\u00e7\u00e3o \u00e0s v\u00edtimas.<\/p>\n\n\n\n<figure class=\"wp-block-image size-full\"><img loading=\"lazy\" decoding=\"async\" width=\"897\" height=\"204\" src=\"https:\/\/radiostudiow.com.br\/site\/wp-content\/uploads\/2025\/02\/SITE-GRANDE7.png\" alt=\"\" class=\"wp-image-33861\" srcset=\"https:\/\/radiostudiow.com.br\/site\/wp-content\/uploads\/2025\/02\/SITE-GRANDE7.png 897w, https:\/\/radiostudiow.com.br\/site\/wp-content\/uploads\/2025\/02\/SITE-GRANDE7-300x68.png 300w, https:\/\/radiostudiow.com.br\/site\/wp-content\/uploads\/2025\/02\/SITE-GRANDE7-768x175.png 768w\" sizes=\"auto, (max-width: 897px) 100vw, 897px\" \/><\/figure>\n\n\n\n<p><\/p>\n\n\n\n<p>A entrevista \u00e9 um alerta e um chamado \u00e0 a\u00e7\u00e3o: <strong>viol\u00eancia dom\u00e9stica n\u00e3o pode ser ignorada<\/strong>. Assistir, compartilhar e multiplicar esse tipo de conte\u00fado \u00e9 tamb\u00e9m um ato de responsabilidade social.<\/p>\n\n\n\n<blockquote class=\"wp-block-quote is-layout-flow wp-block-quote-is-layout-flow\">\n<p>\ud83d\udcfa <strong>Confira a entrevista completa da STUDIO W TV e ajude a espalhar informa\u00e7\u00e3o que salva vidas.<\/strong><\/p>\n<\/blockquote>\n\n\n\n<figure class=\"wp-block-image size-full\"><img loading=\"lazy\" decoding=\"async\" width=\"897\" height=\"204\" src=\"https:\/\/radiostudiow.com.br\/site\/wp-content\/uploads\/2025\/03\/image-62.png\" alt=\"\" class=\"wp-image-35859\" srcset=\"https:\/\/radiostudiow.com.br\/site\/wp-content\/uploads\/2025\/03\/image-62.png 897w, https:\/\/radiostudiow.com.br\/site\/wp-content\/uploads\/2025\/03\/image-62-300x68.png 300w, https:\/\/radiostudiow.com.br\/site\/wp-content\/uploads\/2025\/03\/image-62-768x175.png 768w\" sizes=\"auto, (max-width: 897px) 100vw, 897px\" \/><\/figure>\n\n\n\n<figure class=\"wp-block-embed is-type-video is-provider-youtube wp-block-embed-youtube wp-embed-aspect-16-9 wp-has-aspect-ratio\"><div class=\"wp-block-embed__wrapper\">\n<iframe loading=\"lazy\" title=\"Entrevista  com o Delegado Dr. Donizete da 10\u00aa DRP de Mallet. Tema VIOL\u00caNCIA DOM\u00c9STICA\" width=\"740\" height=\"416\" src=\"https:\/\/www.youtube.com\/embed\/8f6y5hb6l38?feature=oembed\" frameborder=\"0\" allow=\"accelerometer; autoplay; clipboard-write; encrypted-media; gyroscope; picture-in-picture; web-share\" referrerpolicy=\"strict-origin-when-cross-origin\" allowfullscreen><\/iframe>\n<\/div><\/figure>\n\n\n\n<figure class=\"wp-block-image size-full\"><img loading=\"lazy\" decoding=\"async\" width=\"897\" height=\"204\" src=\"https:\/\/radiostudiow.com.br\/site\/wp-content\/uploads\/2025\/03\/BARAO-NOVO-NOTICIAS-1.jpg\" alt=\"\" class=\"wp-image-35084\" srcset=\"https:\/\/radiostudiow.com.br\/site\/wp-content\/uploads\/2025\/03\/BARAO-NOVO-NOTICIAS-1.jpg 897w, https:\/\/radiostudiow.com.br\/site\/wp-content\/uploads\/2025\/03\/BARAO-NOVO-NOTICIAS-1-300x68.jpg 300w, https:\/\/radiostudiow.com.br\/site\/wp-content\/uploads\/2025\/03\/BARAO-NOVO-NOTICIAS-1-768x175.jpg 768w\" sizes=\"auto, (max-width: 897px) 100vw, 897px\" \/><\/figure>\n","protected":false},"excerpt":{"rendered":"<p>A STUDIO W TV, por meio do Jornal W Not\u00edcias, realizou uma importante entrevista com o delegado Dr. Donizete de Arruda Gordiano, titular da 10\u00aa Delegacia Regional da Pol\u00edcia Civil de Mallet, abordando um tema urgente e sens\u00edvel: a Viol\u00eancia Dom\u00e9stica. Durante a conversa, Dr. Donizete apresentou um panorama realista dos casos registrados na comarca [&hellip;]<\/p>\n","protected":false},"author":2,"featured_media":38961,"comment_status":"open","ping_status":"open","sticky":false,"template":"","format":"standard","meta":{"footnotes":""},"categories":[184],"tags":[172],"class_list":["post-38960","post","type-post","status-publish","format-standard","has-post-thumbnail","hentry","category-local","tag-featured"],"amp_enabled":true,"_links":{"self":[{"href":"https:\/\/radiostudiow.com.br\/site\/wp-json\/wp\/v2\/posts\/38960","targetHints":{"allow":["GET"]}}],"collection":[{"href":"https:\/\/radiostudiow.com.br\/site\/wp-json\/wp\/v2\/posts"}],"about":[{"href":"https:\/\/radiostudiow.com.br\/site\/wp-json\/wp\/v2\/types\/post"}],"author":[{"embeddable":true,"href":"https:\/\/radiostudiow.com.br\/site\/wp-json\/wp\/v2\/users\/2"}],"replies":[{"embeddable":true,"href":"https:\/\/radiostudiow.com.br\/site\/wp-json\/wp\/v2\/comments?post=38960"}],"version-history":[{"count":1,"href":"https:\/\/radiostudiow.com.br\/site\/wp-json\/wp\/v2\/posts\/38960\/revisions"}],"predecessor-version":[{"id":38962,"href":"https:\/\/radiostudiow.com.br\/site\/wp-json\/wp\/v2\/posts\/38960\/revisions\/38962"}],"wp:featuredmedia":[{"embeddable":true,"href":"https:\/\/radiostudiow.com.br\/site\/wp-json\/wp\/v2\/media\/38961"}],"wp:attachment":[{"href":"https:\/\/radiostudiow.com.br\/site\/wp-json\/wp\/v2\/media?parent=38960"}],"wp:term":[{"taxonomy":"category","embeddable":true,"href":"https:\/\/radiostudiow.com.br\/site\/wp-json\/wp\/v2\/categories?post=38960"},{"taxonomy":"post_tag","embeddable":true,"href":"https:\/\/radiostudiow.com.br\/site\/wp-json\/wp\/v2\/tags?post=38960"}],"curies":[{"name":"wp","href":"https:\/\/api.w.org\/{rel}","templated":true}]}}