{"id":38964,"date":"2025-06-02T09:48:40","date_gmt":"2025-06-02T12:48:40","guid":{"rendered":"https:\/\/radiostudiow.com.br\/site\/?p=38964"},"modified":"2025-06-02T09:48:40","modified_gmt":"2025-06-02T12:48:40","slug":"homem-e-encontrado-carbonizado-em-rio-azul-trator-roubado-durante-latrocinio-e-recuperado","status":"publish","type":"post","link":"https:\/\/radiostudiow.com.br\/site\/2025\/06\/02\/homem-e-encontrado-carbonizado-em-rio-azul-trator-roubado-durante-latrocinio-e-recuperado\/","title":{"rendered":"Homem \u00e9 encontrado carbonizado em Rio Azul. Trator roubado durante latroc\u00ednio \u00e9 recuperado"},"content":{"rendered":"\n<figure class=\"wp-block-image size-full\"><img loading=\"lazy\" decoding=\"async\" width=\"897\" height=\"204\" src=\"https:\/\/radiostudiow.com.br\/site\/wp-content\/uploads\/2025\/03\/image-62.png\" alt=\"\" class=\"wp-image-35859\" srcset=\"https:\/\/radiostudiow.com.br\/site\/wp-content\/uploads\/2025\/03\/image-62.png 897w, https:\/\/radiostudiow.com.br\/site\/wp-content\/uploads\/2025\/03\/image-62-300x68.png 300w, https:\/\/radiostudiow.com.br\/site\/wp-content\/uploads\/2025\/03\/image-62-768x175.png 768w\" sizes=\"auto, (max-width: 897px) 100vw, 897px\" \/><\/figure>\n\n\n\n<p>Um crime b\u00e1rbaro abalou a cidade de\u00a0Rio Azul, ap\u00f3s um homem ser encontrado carbonizado dentro de um ve\u00edculo incendiado na localidade de\u00a0Faxinal dos Paulas por volta das 17 horas na sexta-feira (30).<\/p>\n\n\n\n<p><em><strong>O caso foi registrado como\u00a0latroc\u00ednio<\/strong>\u00a0\u2014 roubo seguido de morte \u2014 e mobilizou diversas equipes da Pol\u00edcia Militar e demais \u00f3rg\u00e3os de seguran\u00e7a p\u00fablica.<\/em><\/p>\n\n\n\n<p>De acordo com o boletim de ocorr\u00eancia, um morador da regi\u00e3o procurava por um amigo que n\u00e3o havia retornado para casa.\u00a0Durante as buscas, avistou uma fuma\u00e7a incomum em uma \u00e1rea de mata onde a v\u00edtima costumava cortar lenha.<\/p>\n\n\n\n<figure class=\"wp-block-image size-full\"><img loading=\"lazy\" decoding=\"async\" width=\"897\" height=\"204\" src=\"https:\/\/radiostudiow.com.br\/site\/wp-content\/uploads\/2025\/03\/BARAO-NOVO-NOTICIAS-1.jpg\" alt=\"\" class=\"wp-image-35084\" srcset=\"https:\/\/radiostudiow.com.br\/site\/wp-content\/uploads\/2025\/03\/BARAO-NOVO-NOTICIAS-1.jpg 897w, https:\/\/radiostudiow.com.br\/site\/wp-content\/uploads\/2025\/03\/BARAO-NOVO-NOTICIAS-1-300x68.jpg 300w, https:\/\/radiostudiow.com.br\/site\/wp-content\/uploads\/2025\/03\/BARAO-NOVO-NOTICIAS-1-768x175.jpg 768w\" sizes=\"auto, (max-width: 897px) 100vw, 897px\" \/><\/figure>\n\n\n\n<p>Ao se aproximar,\u00a0encontrou um carro em chamas com um corpo carbonizado no interior. A pol\u00edcia foi acionada imediatamente.<\/p>\n\n\n\n<p>O local foi isolado para a realiza\u00e7\u00e3o de per\u00edcia e o in\u00edcio das investiga\u00e7\u00f5es. J\u00e1 no s\u00e1bado, 31, novas dilig\u00eancias levaram a pol\u00edcia at\u00e9 a&nbsp;<strong>zona rural de Rebou\u00e7as<\/strong>, no povoado de&nbsp;<strong>Potinga<\/strong>, onde foi localizado um&nbsp;<strong>trator Massey Ferguson modelo 275 tra\u00e7ado<\/strong>, pertencente \u00e0 v\u00edtima e considerado produto do latroc\u00ednio.<\/p>\n\n\n\n<figure class=\"wp-block-image\" id=\"attachment_567259\"><img decoding=\"async\" src=\"https:\/\/static5.vvale.com.br\/wp-content\/uploads\/2025\/06\/501052878_122230572278087528_3028475374682572061_n-720x433.jpg\" alt=\"\" class=\"wp-image-567259\"\/><figcaption class=\"wp-element-caption\"><em>Kiko de Oliveira Not\u00edcias<\/em><\/figcaption><\/figure>\n\n\n\n<figure class=\"wp-block-image size-full\"><img loading=\"lazy\" decoding=\"async\" width=\"897\" height=\"204\" src=\"https:\/\/radiostudiow.com.br\/site\/wp-content\/uploads\/2025\/02\/SITE-GRANDE7.png\" alt=\"\" class=\"wp-image-33861\" srcset=\"https:\/\/radiostudiow.com.br\/site\/wp-content\/uploads\/2025\/02\/SITE-GRANDE7.png 897w, https:\/\/radiostudiow.com.br\/site\/wp-content\/uploads\/2025\/02\/SITE-GRANDE7-300x68.png 300w, https:\/\/radiostudiow.com.br\/site\/wp-content\/uploads\/2025\/02\/SITE-GRANDE7-768x175.png 768w\" sizes=\"auto, (max-width: 897px) 100vw, 897px\" \/><\/figure>\n\n\n\n<p>A opera\u00e7\u00e3o contou com o apoio da Ag\u00eancia Local de Intelig\u00eancia, da equipe\u00a0ROTAM\u00a0e da\u00a0Patrulha Rural\u00a0da 8\u00aa CIPM. O maquin\u00e1rio estava escondido em um barrac\u00e3o de uma propriedade rural.\u00a0O morador do local afirmou ter adquirido o trator de outro homem. No momento da abordagem, outro suspeito tamb\u00e9m estava na resid\u00eancia.<\/p>\n\n\n\n<p>Ambos os indiv\u00edduos foram detidos e encaminhados \u00e0\u00a0Delegacia de Pol\u00edcia Civil de Irati\u00a0para os procedimentos legais. A pol\u00edcia prossegue com a investiga\u00e7\u00e3o do crime, que ainda causa como\u00e7\u00e3o entre os moradores da regi\u00e3o.<\/p>\n\n\n\n<p>A identidade da v\u00edtima ainda n\u00e3o foi oficialmente divulgada, e as autoridades seguem trabalhando para esclarecer completamente os fatos, bem como a participa\u00e7\u00e3o dos envolvidos.<\/p>\n\n\n\n<figure class=\"wp-block-image size-full\"><img loading=\"lazy\" decoding=\"async\" width=\"897\" height=\"204\" src=\"https:\/\/radiostudiow.com.br\/site\/wp-content\/uploads\/2025\/03\/SITE-GRANDE5.png\" alt=\"\" class=\"wp-image-35420\" srcset=\"https:\/\/radiostudiow.com.br\/site\/wp-content\/uploads\/2025\/03\/SITE-GRANDE5.png 897w, https:\/\/radiostudiow.com.br\/site\/wp-content\/uploads\/2025\/03\/SITE-GRANDE5-300x68.png 300w, https:\/\/radiostudiow.com.br\/site\/wp-content\/uploads\/2025\/03\/SITE-GRANDE5-768x175.png 768w\" sizes=\"auto, (max-width: 897px) 100vw, 897px\" \/><\/figure>\n\n\n\n<figure class=\"wp-block-image size-large\"><img loading=\"lazy\" decoding=\"async\" width=\"1024\" height=\"768\" src=\"https:\/\/radiostudiow.com.br\/site\/wp-content\/uploads\/2025\/06\/image-1-1024x768.png\" alt=\"\" class=\"wp-image-38967\" srcset=\"https:\/\/radiostudiow.com.br\/site\/wp-content\/uploads\/2025\/06\/image-1-1024x768.png 1024w, https:\/\/radiostudiow.com.br\/site\/wp-content\/uploads\/2025\/06\/image-1-300x225.png 300w, https:\/\/radiostudiow.com.br\/site\/wp-content\/uploads\/2025\/06\/image-1-768x576.png 768w, https:\/\/radiostudiow.com.br\/site\/wp-content\/uploads\/2025\/06\/image-1-1536x1152.png 1536w, https:\/\/radiostudiow.com.br\/site\/wp-content\/uploads\/2025\/06\/image-1.png 1600w\" sizes=\"auto, (max-width: 1024px) 100vw, 1024px\" \/><\/figure>\n\n\n\n<p><em>Fontes: <strong>Kiko Oliveira Not\u00edcias<\/strong><\/em><\/p>\n\n\n\n<p><\/p>\n","protected":false},"excerpt":{"rendered":"<p>Um crime b\u00e1rbaro abalou a cidade de\u00a0Rio Azul, ap\u00f3s um homem ser encontrado carbonizado dentro de um ve\u00edculo incendiado na localidade de\u00a0Faxinal dos Paulas por volta das 17 horas na sexta-feira (30). O caso foi registrado como\u00a0latroc\u00ednio\u00a0\u2014 roubo seguido de morte \u2014 e mobilizou diversas equipes da Pol\u00edcia Militar e demais \u00f3rg\u00e3os de seguran\u00e7a p\u00fablica. [&hellip;]<\/p>\n","protected":false},"author":2,"featured_media":38966,"comment_status":"open","ping_status":"open","sticky":false,"template":"","format":"standard","meta":{"footnotes":""},"categories":[2],"tags":[172],"class_list":["post-38964","post","type-post","status-publish","format-standard","has-post-thumbnail","hentry","category-policial","tag-featured"],"amp_enabled":true,"_links":{"self":[{"href":"https:\/\/radiostudiow.com.br\/site\/wp-json\/wp\/v2\/posts\/38964","targetHints":{"allow":["GET"]}}],"collection":[{"href":"https:\/\/radiostudiow.com.br\/site\/wp-json\/wp\/v2\/posts"}],"about":[{"href":"https:\/\/radiostudiow.com.br\/site\/wp-json\/wp\/v2\/types\/post"}],"author":[{"embeddable":true,"href":"https:\/\/radiostudiow.com.br\/site\/wp-json\/wp\/v2\/users\/2"}],"replies":[{"embeddable":true,"href":"https:\/\/radiostudiow.com.br\/site\/wp-json\/wp\/v2\/comments?post=38964"}],"version-history":[{"count":2,"href":"https:\/\/radiostudiow.com.br\/site\/wp-json\/wp\/v2\/posts\/38964\/revisions"}],"predecessor-version":[{"id":38968,"href":"https:\/\/radiostudiow.com.br\/site\/wp-json\/wp\/v2\/posts\/38964\/revisions\/38968"}],"wp:featuredmedia":[{"embeddable":true,"href":"https:\/\/radiostudiow.com.br\/site\/wp-json\/wp\/v2\/media\/38966"}],"wp:attachment":[{"href":"https:\/\/radiostudiow.com.br\/site\/wp-json\/wp\/v2\/media?parent=38964"}],"wp:term":[{"taxonomy":"category","embeddable":true,"href":"https:\/\/radiostudiow.com.br\/site\/wp-json\/wp\/v2\/categories?post=38964"},{"taxonomy":"post_tag","embeddable":true,"href":"https:\/\/radiostudiow.com.br\/site\/wp-json\/wp\/v2\/tags?post=38964"}],"curies":[{"name":"wp","href":"https:\/\/api.w.org\/{rel}","templated":true}]}}