{"id":38969,"date":"2025-06-02T10:36:58","date_gmt":"2025-06-02T13:36:58","guid":{"rendered":"https:\/\/radiostudiow.com.br\/site\/?p=38969"},"modified":"2025-06-02T10:36:58","modified_gmt":"2025-06-02T13:36:58","slug":"homem-e-preso-por-trafico-de-drogas-em-uniao-da-vitoria-13","status":"publish","type":"post","link":"https:\/\/radiostudiow.com.br\/site\/2025\/06\/02\/homem-e-preso-por-trafico-de-drogas-em-uniao-da-vitoria-13\/","title":{"rendered":"Homem \u00e9 preso por tr\u00e1fico de drogas em Uni\u00e3o da Vit\u00f3ria"},"content":{"rendered":"\n<figure class=\"wp-block-image size-large is-resized\"><img loading=\"lazy\" decoding=\"async\" width=\"1024\" height=\"614\" src=\"https:\/\/radiostudiow.com.br\/site\/wp-content\/uploads\/2025\/05\/5914fcac-c2b4-4795-a120-dc162c4a6466-1024x614.jpg\" alt=\"\" class=\"wp-image-38784\" style=\"width:378px;height:auto\" srcset=\"https:\/\/radiostudiow.com.br\/site\/wp-content\/uploads\/2025\/05\/5914fcac-c2b4-4795-a120-dc162c4a6466-1024x614.jpg 1024w, https:\/\/radiostudiow.com.br\/site\/wp-content\/uploads\/2025\/05\/5914fcac-c2b4-4795-a120-dc162c4a6466-300x180.jpg 300w, https:\/\/radiostudiow.com.br\/site\/wp-content\/uploads\/2025\/05\/5914fcac-c2b4-4795-a120-dc162c4a6466-768x460.jpg 768w, https:\/\/radiostudiow.com.br\/site\/wp-content\/uploads\/2025\/05\/5914fcac-c2b4-4795-a120-dc162c4a6466-1536x921.jpg 1536w, https:\/\/radiostudiow.com.br\/site\/wp-content\/uploads\/2025\/05\/5914fcac-c2b4-4795-a120-dc162c4a6466-1000x600.jpg 1000w, https:\/\/radiostudiow.com.br\/site\/wp-content\/uploads\/2025\/05\/5914fcac-c2b4-4795-a120-dc162c4a6466-590x354.jpg 590w, https:\/\/radiostudiow.com.br\/site\/wp-content\/uploads\/2025\/05\/5914fcac-c2b4-4795-a120-dc162c4a6466-400x240.jpg 400w, https:\/\/radiostudiow.com.br\/site\/wp-content\/uploads\/2025\/05\/5914fcac-c2b4-4795-a120-dc162c4a6466.jpg 1600w\" sizes=\"auto, (max-width: 1024px) 100vw, 1024px\" \/><\/figure>\n\n\n\n<p>A equipe da Pol\u00edcia Militar prendeu um homem em flagrante por envolvimento com o tr\u00e1fico de drogas no\u00a0Conjunto Guerino por volta das 19 horas desse domingo (01).<\/p>\n\n\n\n<p>A a\u00e7\u00e3o aconteceu durante patrulhamento de rotina realizado pela RPA (R\u00e1dio Patrulha Auto), ap\u00f3s a corpora\u00e7\u00e3o receber uma\u00a0den\u00fancia an\u00f4nima.<\/p>\n\n\n\n<p>Segundo a PM, a den\u00fancia informava que um indiv\u00edduo estaria comercializando entorpecentes na regi\u00e3o.\u00a0Ao chegarem ao local indicado, os policiais visualizaram dois homens em frente \u00e0 resid\u00eancia mencionada.<\/p>\n\n\n\n<p>Um dos suspeitos, que correspondia \u00e0 descri\u00e7\u00e3o repassada, demonstrou nervosismo e tentou esconder o rosto ao notar a presen\u00e7a da viatura.<\/p>\n\n\n\n<figure class=\"wp-block-image size-full\"><img loading=\"lazy\" decoding=\"async\" width=\"598\" height=\"204\" src=\"https:\/\/radiostudiow.com.br\/site\/wp-content\/uploads\/2025\/05\/POLAK.png\" alt=\"\" class=\"wp-image-37847\" srcset=\"https:\/\/radiostudiow.com.br\/site\/wp-content\/uploads\/2025\/05\/POLAK.png 598w, https:\/\/radiostudiow.com.br\/site\/wp-content\/uploads\/2025\/05\/POLAK-300x102.png 300w\" sizes=\"auto, (max-width: 598px) 100vw, 598px\" \/><\/figure>\n\n\n\n<p>Um dos indiv\u00edduos conseguiu fugir, mas o outro foi abordado pelos policiais.\u00a0Durante a revista pessoal, foram encontradas com ele por\u00e7\u00f5es de maconha, pinos de coca\u00edna, uma balan\u00e7a de precis\u00e3o e uma quantia em dinheiro, itens comumente associados \u00e0 pr\u00e1tica de tr\u00e1fico de drogas.<\/p>\n\n\n\n<p>Diante das evid\u00eancias, o suspeito recebeu voz de pris\u00e3o em flagrante e foi encaminhado \u00e0 4\u00aa Subdivis\u00e3o Policial, onde permanece \u00e0 disposi\u00e7\u00e3o da Justi\u00e7a.<\/p>\n\n\n\n<p>A Pol\u00edcia segue investigando o caso e busca localizar o segundo envolvido que conseguiu fugir do local.<\/p>\n","protected":false},"excerpt":{"rendered":"<p>A equipe da Pol\u00edcia Militar prendeu um homem em flagrante por envolvimento com o tr\u00e1fico de drogas no\u00a0Conjunto Guerino por volta das 19 horas desse domingo (01). A a\u00e7\u00e3o aconteceu durante patrulhamento de rotina realizado pela RPA (R\u00e1dio Patrulha Auto), ap\u00f3s a corpora\u00e7\u00e3o receber uma\u00a0den\u00fancia an\u00f4nima. Segundo a PM, a den\u00fancia informava que um indiv\u00edduo [&hellip;]<\/p>\n","protected":false},"author":2,"featured_media":38971,"comment_status":"open","ping_status":"open","sticky":false,"template":"","format":"standard","meta":{"footnotes":""},"categories":[2],"tags":[172],"class_list":["post-38969","post","type-post","status-publish","format-standard","has-post-thumbnail","hentry","category-policial","tag-featured"],"amp_enabled":true,"_links":{"self":[{"href":"https:\/\/radiostudiow.com.br\/site\/wp-json\/wp\/v2\/posts\/38969","targetHints":{"allow":["GET"]}}],"collection":[{"href":"https:\/\/radiostudiow.com.br\/site\/wp-json\/wp\/v2\/posts"}],"about":[{"href":"https:\/\/radiostudiow.com.br\/site\/wp-json\/wp\/v2\/types\/post"}],"author":[{"embeddable":true,"href":"https:\/\/radiostudiow.com.br\/site\/wp-json\/wp\/v2\/users\/2"}],"replies":[{"embeddable":true,"href":"https:\/\/radiostudiow.com.br\/site\/wp-json\/wp\/v2\/comments?post=38969"}],"version-history":[{"count":2,"href":"https:\/\/radiostudiow.com.br\/site\/wp-json\/wp\/v2\/posts\/38969\/revisions"}],"predecessor-version":[{"id":38972,"href":"https:\/\/radiostudiow.com.br\/site\/wp-json\/wp\/v2\/posts\/38969\/revisions\/38972"}],"wp:featuredmedia":[{"embeddable":true,"href":"https:\/\/radiostudiow.com.br\/site\/wp-json\/wp\/v2\/media\/38971"}],"wp:attachment":[{"href":"https:\/\/radiostudiow.com.br\/site\/wp-json\/wp\/v2\/media?parent=38969"}],"wp:term":[{"taxonomy":"category","embeddable":true,"href":"https:\/\/radiostudiow.com.br\/site\/wp-json\/wp\/v2\/categories?post=38969"},{"taxonomy":"post_tag","embeddable":true,"href":"https:\/\/radiostudiow.com.br\/site\/wp-json\/wp\/v2\/tags?post=38969"}],"curies":[{"name":"wp","href":"https:\/\/api.w.org\/{rel}","templated":true}]}}